{"id":941,"date":"2023-11-28T11:35:07","date_gmt":"2023-11-28T10:35:07","guid":{"rendered":"https:\/\/ambassade-vietnam.com\/fr\/?p=941"},"modified":"2023-11-28T11:35:54","modified_gmt":"2023-11-28T10:35:54","slug":"un-responsable-francais-affirme-les-perspectives-du-partenariat-strategique","status":"publish","type":"post","link":"https:\/\/ambassade-vietnam.com\/fr\/blog\/2023\/11\/28\/un-responsable-francais-affirme-les-perspectives-du-partenariat-strategique\/","title":{"rendered":"Un responsable fran\u00e7ais affirme les perspectives du partenariat strat\u00e9gique"},"content":{"rendered":"<p style=\"text-align: justify;\"><strong>Benoit Guid\u00e9e, directeur d'Asie et d'Oc\u00e9anie du minist\u00e8re fran\u00e7ais des Affaires \u00e9trang\u00e8res, a partag\u00e9 avec l'Agence Vietnamienne d'Information ses estimations sur la coop\u00e9ration bilat\u00e9rale durant ces 10 derni\u00e8res ann\u00e9es et les perspectives d'avenir du partenariat strat\u00e9gique.<\/strong><\/p>\n<p style=\"text-align: justify;\">\u00c0 l'occasion de la c\u00e9l\u00e9bration du 10e anniversaire de l'\u00e9tablissement d'un partenariat strat\u00e9gique entre le Vietnam et la France, Benoit Guid\u00e9e, directeur d'Asie et d'Oc\u00e9anie du minist\u00e8re fran\u00e7ais des Affaires \u00e9trang\u00e8res, a partag\u00e9 avec l'Agence Vietnamienne d'Information ses estimations sur la coop\u00e9ration bilat\u00e9rale durant ces 10 derni\u00e8res ann\u00e9es et les perspectives d'avenir du partenariat strat\u00e9gique.<\/p>\n<p style=\"text-align: justify;\"><em>Pourriez-vous \u00e9valuer les changements quantitatifs et qualitatifs, au cours de ces 10 derni\u00e8res ann\u00e9es, dans les relations de partenariat strat\u00e9gique France-Vietnam ?<\/em><\/p>\n<p style=\"text-align: justify;\">Apr\u00e8s la visite du pr\u00e9sident Mitterrand en 1993, la France a apport\u00e9 une contribution significative au d\u00e9veloppement \u00e9conomique et social du Vietnam. Sur cette base solide, les deux gouvernements ont d\u00e9cid\u00e9 le 25 septembre 2013 de signer un partenariat strat\u00e9gique afin d\u2019approfondir nos relations de coop\u00e9ration dans un contexte marqu\u00e9 par l\u2019\u00e9mergence rapide du Vietnam sur la sc\u00e8ne r\u00e9gionale et internationale. C\u2019est dans ce nouveau cadre que des changements importants sont intervenus.<\/p>\n<p style=\"text-align: justify;\">En mati\u00e8re \u00e9conomique, 2013 a aussi \u00e9t\u00e9 l\u2019ann\u00e9e du lancement du \"Dialogue \u00e9conomique de haut niveau\", mis en place alors que le Vietnam devenait un pays \u00e0 revenu interm\u00e9diaire. Des coop\u00e9rations industrielles dans des secteurs strat\u00e9giques pour le d\u00e9veloppement du Vietnam (\u00e9nergie, a\u00e9ronautique et spatial, secteur bancaire, technologies de l\u2019information, agro-alimentaire, transports, environnement, infrastructures) ont \u00e9t\u00e9 mises en place, mais nous restons encore loin du potentiel de la relation. Nous devons faire plus dans ce domaine et nous appuyer pour cela sur la dynamique n\u00e9e de l\u2019accord de libre-\u00e9change UE - Vietnam.<\/p>\n<p style=\"text-align: justify;\">Au-del\u00e0 des coop\u00e9rations bilat\u00e9rales classiques, notre partenariat s\u2019est fortement d\u00e9velopp\u00e9 ces derni\u00e8res ann\u00e9es autour des enjeux globaux. La lutte contre le changement climatique est devenue une pr\u00e9occupation majeure, au c\u0153ur de notre partenariat. Nous travaillons ensemble \u00e0 r\u00e9duire les \u00e9missions de gaz \u00e0 effet de serre afin d\u2019\u00e9viter un changement climatique catastrophique : c\u2019est tout l\u2019enjeu de la transition climatique et \u00e9nerg\u00e9tique. Mais le changement climatique est d\u00e9j\u00e0 l\u00e0, et nous travaillons ensemble sur des projets d\u2019adaptation, par exemple pour faire face aux incursions salines dans les deltas du fleuve rouge et du M\u00e9kong.<\/p>\n<p style=\"text-align: justify;\">Le dernier changement que je mentionnerais, c\u2019est l\u2019\u00e9volution de l\u2019environnement r\u00e9gional et international. La crise sanitaire du COVID-19 a bien s\u00fbr confirm\u00e9 la solidit\u00e9 de nos relations et la force de la solidarit\u00e9 qui existe entre nos pays. Pour r\u00e9pondre aux changements rapides qui menacent les principes auxquels nous sommes attach\u00e9s, telles que le multilat\u00e9ralisme, le respect du droit international, la libert\u00e9 de navigation et de survol, nous devons intensifier notre dialogue.<\/p>\n<p style=\"text-align: justify;\"><em>Que pensez-vous du potentiel de coop\u00e9ration entre les deux pays, tant dans les relations bilat\u00e9rales que dans la coordination sur la sc\u00e8ne internationale et dans les forums multilat\u00e9raux ?<\/em><\/p>\n<p style=\"text-align: justify;\"><img loading=\"lazy\" decoding=\"async\" class=\" wp-image-942 aligncenter\" src=\"https:\/\/ambassade-vietnam.com\/fr\/wp-content\/uploads\/sites\/1\/2023\/11\/CTQH.jpg\" alt=\"\" width=\"501\" height=\"314\" \/><\/p>\n<p style=\"text-align: justify;\"><em>Le pr\u00e9sident de l'Assembl\u00e9e nationale du Vietnam, Vuong Dinh Hu\u00ea (\u00e0 droite), et le pr\u00e9sident du S\u00e9nat fran\u00e7ais G\u00e9rard Larcher, \u00e0 Hano\u00ef, le 8 d\u00e9cembre 2022. <\/em><\/p>\n<p style=\"text-align: justify;\">Je vous remercie d\u2019utiliser le terme de potentiel, car c\u2019est bien de cela qu\u2019il s\u2019agit. Ma conviction est qu\u2019il existe des marges de progression, au niveau bilat\u00e9ral et sur la sc\u00e8ne internationale et multilat\u00e9rale qui rejoignent nos priorit\u00e9s:<\/p>\n<p style=\"text-align: justify;\">C\u2019est d\u2019abord la priorit\u00e9 de notre dialogue sur les questions internationales de paix et s\u00e9curit\u00e9. Nos \u00e9changes ont ainsi \u00e9t\u00e9 fructueux lorsque le Vietnam a si\u00e9g\u00e9 au Conseil de s\u00e9curit\u00e9 des Nations unies en 2020-2021. Nous travaillons ensemble par exemple dans le domaine de la formation aux op\u00e9rations de maintien de la paix. Nous pouvons faire davantage, pour contribuer \u00e0 la stabilit\u00e9 de l\u2019Indopacifique, espace dans lequel la France est tr\u00e8s pr\u00e9sente. Nous souhaitons travailler davantage avec l\u2019ASEAN, dont la France est partenaire de d\u00e9veloppement.<\/p>\n<p style=\"text-align: justify;\">La deuxi\u00e8me priorit\u00e9 porte sur les enjeux globaux \u00e0 commencer par le d\u00e9fi climatique. Le partenariat international sur la transition \u00e9nerg\u00e9tique juste (JET-P) engag\u00e9 par le Vietnam avec les pays du G7 offre un cadre de coop\u00e9ration dans lequel la France est tr\u00e8s impliqu\u00e9e, avec ses experts et ses entreprises, sur un sujet-cl\u00e9 pour l\u2019avenir du pays. Nous pouvons, nous devons m\u00eame, faire plus. La France entend travailler encore davantage avec le Vietnam, notamment \u00e0 travers l\u2019Agence fran\u00e7aise de d\u00e9veloppement bien s\u00fbr mais \u00e9galement nos entreprises dont certaines ont une expertise mondialement reconnue dans des domaines tels que la ville durable, les transports et les \u00e9nergies d\u00e9carbon\u00e9es. Nous devons aussi faire davantage pour pr\u00e9server la biodiversit\u00e9 et lutter contre la pollution, notamment les plastiques qui impactent notre sant\u00e9, la p\u00eache et le tourisme ou \u0153uvrer pour l\u2019am\u00e9lioration de la qualit\u00e9 de l\u2019air.<\/p>\n<p style=\"text-align: justify;\">La troisi\u00e8me priorit\u00e9 concerne les \u00e9changes \u00e9conomiques. Nous souhaitons encourager les investissements vietnamiens en France, \u00e0 l\u2019image de ce que fait la soci\u00e9t\u00e9 Vinfast dans notre pays. Pour m\u00e9moire, nos \u00e9changes commerciaux ont d\u00e9pass\u00e9 les 8 Mds EUR en 2022, soit le niveau le plus haut jamais atteint. Mais ces \u00e9changes sont tr\u00e8s d\u00e9s\u00e9quilibr\u00e9s et en de\u00e7\u00e0 des possibilit\u00e9s. En mati\u00e8re d\u2019IDE, la France se classait fin 2022 au 16e rang des investisseurs avec 660 projets pour 3,8 Mds USD. Ce n\u2019est pas \u00e0 la hauteur de nos ambitions. Il existe beaucoup d\u2019occasions avec saisir, avec notamment les besoins du Vietnam dans la transition environnementale et \u00e9nerg\u00e9tique. Et c\u2019est dans cet \u00e9tat d\u2019esprit que le Ministre d\u00e9l\u00e9gu\u00e9 au Commerce ext\u00e9rieur, Olivier Becht, s\u2019est rendu au Vietnam en mars dernier.<\/p>\n<p style=\"text-align: justify;\">La quatri\u00e8me priorit\u00e9 reste le renforcement des liens entre nos populations. La sp\u00e9cificit\u00e9 des relations entre le Vietnam et la France tient en effet \u00e0 la densit\u00e9 des liens humains entre nos deux pays, qui s\u2019appuie notamment sur un tissu actif de coop\u00e9rations d\u00e9centralis\u00e9es et d\u2019associations franco-vietnamiennes jouant un r\u00f4le important dans la relation. Elle s\u2019appuie \u00e9galement sur les nombreux \u00e9tudiants vietnamiens qui poursuivent leur cursus en France et sur notre riche r\u00e9seau culturel dans le pays.<\/p>\n<p style=\"text-align: justify;\">VNA\/CVN<\/p>\n","protected":false},"excerpt":{"rendered":"<p>Benoit Guid\u00e9e, directeur d&rsquo;Asie et d&rsquo;Oc\u00e9anie du minist\u00e8re fran\u00e7ais des Affaires \u00e9trang\u00e8res, a partag\u00e9 avec l&rsquo;Agence Vietnamienne d&rsquo;Information ses estimations sur la coop\u00e9ration bilat\u00e9rale durant ces 10 derni\u00e8res ann\u00e9es et les perspectives d&rsquo;avenir du partenariat strat\u00e9gique. \u00c0 l&rsquo;occasion de la c\u00e9l\u00e9bration du 10e anniversaire de l&rsquo;\u00e9tablissement d&rsquo;un partenariat strat\u00e9gique entre le Vietnam et la France, [&hellip;]<\/p>\n","protected":false},"author":1419,"featured_media":942,"comment_status":"closed","ping_status":"open","sticky":true,"template":"","format":"standard","meta":{"footnotes":""},"categories":[1],"tags":[],"class_list":["post-941","post","type-post","status-publish","format-standard","has-post-thumbnail","hentry","category-actualites"],"yoast_head":"<!-- This site is optimized with the Yoast SEO plugin v27.5 - https:\/\/yoast.com\/product\/yoast-seo-wordpress\/ -->\n<title>Un responsable fran\u00e7ais affirme les perspectives du partenariat strat\u00e9gique - Ambassade de la r\u00e9publique socialiste du Vietnam en France<\/title>\n<meta name=\"robots\" content=\"index, follow, max-snippet:-1, max-image-preview:large, max-video-preview:-1\" \/>\n<link rel=\"canonical\" href=\"https:\/\/ambassade-vietnam.com\/fr\/blog\/2023\/11\/28\/un-responsable-francais-affirme-les-perspectives-du-partenariat-strategique\/\" \/>\n<meta property=\"og:locale\" content=\"fr_FR\" \/>\n<meta property=\"og:type\" content=\"article\" \/>\n<meta property=\"og:title\" content=\"Un responsable fran\u00e7ais affirme les perspectives du partenariat strat\u00e9gique - Ambassade de la r\u00e9publique socialiste du Vietnam en France\" \/>\n<meta property=\"og:description\" content=\"Benoit Guid\u00e9e, directeur d&#039;Asie et d&#039;Oc\u00e9anie du minist\u00e8re fran\u00e7ais des Affaires \u00e9trang\u00e8res, a partag\u00e9 avec l&#039;Agence Vietnamienne d&#039;Information ses estimations sur la coop\u00e9ration bilat\u00e9rale durant ces 10 derni\u00e8res ann\u00e9es et les perspectives d&#039;avenir du partenariat strat\u00e9gique. \u00c0 l&#039;occasion de la c\u00e9l\u00e9bration du 10e anniversaire de l&#039;\u00e9tablissement d&#039;un partenariat strat\u00e9gique entre le Vietnam et la France, [&hellip;]\" \/>\n<meta property=\"og:url\" content=\"https:\/\/ambassade-vietnam.com\/fr\/blog\/2023\/11\/28\/un-responsable-francais-affirme-les-perspectives-du-partenariat-strategique\/\" \/>\n<meta property=\"og:site_name\" content=\"Ambassade de la r\u00e9publique socialiste du Vietnam en France\" \/>\n<meta property=\"article:published_time\" content=\"2023-11-28T10:35:07+00:00\" \/>\n<meta property=\"article:modified_time\" content=\"2023-11-28T10:35:54+00:00\" \/>\n<meta property=\"og:image\" content=\"https:\/\/ambassade-vietnam.com\/fr\/wp-content\/uploads\/sites\/1\/2023\/11\/CTQH.jpg\" \/>\n\t<meta property=\"og:image:width\" content=\"559\" \/>\n\t<meta property=\"og:image:height\" content=\"376\" \/>\n\t<meta property=\"og:image:type\" content=\"image\/jpeg\" \/>\n<meta name=\"author\" content=\"adminvp\" \/>\n<meta name=\"twitter:card\" content=\"summary_large_image\" \/>\n<script type=\"application\/ld+json\" class=\"yoast-schema-graph\">{\"@context\":\"https:\\\/\\\/schema.org\",\"@graph\":[{\"@type\":\"Article\",\"@id\":\"https:\\\/\\\/ambassade-vietnam.com\\\/fr\\\/blog\\\/2023\\\/11\\\/28\\\/un-responsable-francais-affirme-les-perspectives-du-partenariat-strategique\\\/#article\",\"isPartOf\":{\"@id\":\"https:\\\/\\\/ambassade-vietnam.com\\\/fr\\\/blog\\\/2023\\\/11\\\/28\\\/un-responsable-francais-affirme-les-perspectives-du-partenariat-strategique\\\/\"},\"author\":{\"name\":\"adminvp\",\"@id\":\"https:\\\/\\\/ambassade-vietnam.com\\\/fr\\\/#\\\/schema\\\/person\\\/157771b4cb92569e890082d678cca709\"},\"headline\":\"Un responsable fran\u00e7ais affirme les perspectives du partenariat strat\u00e9gique\",\"datePublished\":\"2023-11-28T10:35:07+00:00\",\"dateModified\":\"2023-11-28T10:35:54+00:00\",\"mainEntityOfPage\":{\"@id\":\"https:\\\/\\\/ambassade-vietnam.com\\\/fr\\\/blog\\\/2023\\\/11\\\/28\\\/un-responsable-francais-affirme-les-perspectives-du-partenariat-strategique\\\/\"},\"wordCount\":1121,\"image\":{\"@id\":\"https:\\\/\\\/ambassade-vietnam.com\\\/fr\\\/blog\\\/2023\\\/11\\\/28\\\/un-responsable-francais-affirme-les-perspectives-du-partenariat-strategique\\\/#primaryimage\"},\"thumbnailUrl\":\"https:\\\/\\\/ambassade-vietnam.com\\\/fr\\\/wp-content\\\/uploads\\\/sites\\\/1\\\/2023\\\/11\\\/CTQH.jpg\",\"articleSection\":[\"Actualit\u00e9s\"],\"inLanguage\":\"fr-FR\"},{\"@type\":\"WebPage\",\"@id\":\"https:\\\/\\\/ambassade-vietnam.com\\\/fr\\\/blog\\\/2023\\\/11\\\/28\\\/un-responsable-francais-affirme-les-perspectives-du-partenariat-strategique\\\/\",\"url\":\"https:\\\/\\\/ambassade-vietnam.com\\\/fr\\\/blog\\\/2023\\\/11\\\/28\\\/un-responsable-francais-affirme-les-perspectives-du-partenariat-strategique\\\/\",\"name\":\"Un responsable fran\u00e7ais affirme les perspectives du partenariat strat\u00e9gique - Ambassade de la r\u00e9publique socialiste du Vietnam en France\",\"isPartOf\":{\"@id\":\"https:\\\/\\\/ambassade-vietnam.com\\\/fr\\\/#website\"},\"primaryImageOfPage\":{\"@id\":\"https:\\\/\\\/ambassade-vietnam.com\\\/fr\\\/blog\\\/2023\\\/11\\\/28\\\/un-responsable-francais-affirme-les-perspectives-du-partenariat-strategique\\\/#primaryimage\"},\"image\":{\"@id\":\"https:\\\/\\\/ambassade-vietnam.com\\\/fr\\\/blog\\\/2023\\\/11\\\/28\\\/un-responsable-francais-affirme-les-perspectives-du-partenariat-strategique\\\/#primaryimage\"},\"thumbnailUrl\":\"https:\\\/\\\/ambassade-vietnam.com\\\/fr\\\/wp-content\\\/uploads\\\/sites\\\/1\\\/2023\\\/11\\\/CTQH.jpg\",\"datePublished\":\"2023-11-28T10:35:07+00:00\",\"dateModified\":\"2023-11-28T10:35:54+00:00\",\"author\":{\"@id\":\"https:\\\/\\\/ambassade-vietnam.com\\\/fr\\\/#\\\/schema\\\/person\\\/157771b4cb92569e890082d678cca709\"},\"breadcrumb\":{\"@id\":\"https:\\\/\\\/ambassade-vietnam.com\\\/fr\\\/blog\\\/2023\\\/11\\\/28\\\/un-responsable-francais-affirme-les-perspectives-du-partenariat-strategique\\\/#breadcrumb\"},\"inLanguage\":\"fr-FR\",\"potentialAction\":[{\"@type\":\"ReadAction\",\"target\":[\"https:\\\/\\\/ambassade-vietnam.com\\\/fr\\\/blog\\\/2023\\\/11\\\/28\\\/un-responsable-francais-affirme-les-perspectives-du-partenariat-strategique\\\/\"]}]},{\"@type\":\"ImageObject\",\"inLanguage\":\"fr-FR\",\"@id\":\"https:\\\/\\\/ambassade-vietnam.com\\\/fr\\\/blog\\\/2023\\\/11\\\/28\\\/un-responsable-francais-affirme-les-perspectives-du-partenariat-strategique\\\/#primaryimage\",\"url\":\"https:\\\/\\\/ambassade-vietnam.com\\\/fr\\\/wp-content\\\/uploads\\\/sites\\\/1\\\/2023\\\/11\\\/CTQH.jpg\",\"contentUrl\":\"https:\\\/\\\/ambassade-vietnam.com\\\/fr\\\/wp-content\\\/uploads\\\/sites\\\/1\\\/2023\\\/11\\\/CTQH.jpg\",\"width\":559,\"height\":376},{\"@type\":\"BreadcrumbList\",\"@id\":\"https:\\\/\\\/ambassade-vietnam.com\\\/fr\\\/blog\\\/2023\\\/11\\\/28\\\/un-responsable-francais-affirme-les-perspectives-du-partenariat-strategique\\\/#breadcrumb\",\"itemListElement\":[{\"@type\":\"ListItem\",\"position\":1,\"name\":\"Home\",\"item\":\"https:\\\/\\\/ambassade-vietnam.com\\\/fr\\\/\"},{\"@type\":\"ListItem\",\"position\":2,\"name\":\"Un responsable fran\u00e7ais affirme les perspectives du partenariat strat\u00e9gique\"}]},{\"@type\":\"WebSite\",\"@id\":\"https:\\\/\\\/ambassade-vietnam.com\\\/fr\\\/#website\",\"url\":\"https:\\\/\\\/ambassade-vietnam.com\\\/fr\\\/\",\"name\":\"Ambassade de la r\u00e9publique socialiste du Vietnam en France\",\"description\":\"\",\"potentialAction\":[{\"@type\":\"SearchAction\",\"target\":{\"@type\":\"EntryPoint\",\"urlTemplate\":\"https:\\\/\\\/ambassade-vietnam.com\\\/fr\\\/?s={search_term_string}\"},\"query-input\":{\"@type\":\"PropertyValueSpecification\",\"valueRequired\":true,\"valueName\":\"search_term_string\"}}],\"inLanguage\":\"fr-FR\"},{\"@type\":\"Person\",\"@id\":\"https:\\\/\\\/ambassade-vietnam.com\\\/fr\\\/#\\\/schema\\\/person\\\/157771b4cb92569e890082d678cca709\",\"name\":\"adminvp\",\"image\":{\"@type\":\"ImageObject\",\"inLanguage\":\"fr-FR\",\"@id\":\"https:\\\/\\\/secure.gravatar.com\\\/avatar\\\/d8e4d6deee903159aaf887061f78c651a4b57f36e29053feb0523346e5d34678?s=96&d=mm&r=g\",\"url\":\"https:\\\/\\\/secure.gravatar.com\\\/avatar\\\/d8e4d6deee903159aaf887061f78c651a4b57f36e29053feb0523346e5d34678?s=96&d=mm&r=g\",\"contentUrl\":\"https:\\\/\\\/secure.gravatar.com\\\/avatar\\\/d8e4d6deee903159aaf887061f78c651a4b57f36e29053feb0523346e5d34678?s=96&d=mm&r=g\",\"caption\":\"adminvp\"},\"url\":\"https:\\\/\\\/ambassade-vietnam.com\\\/fr\\\/blog\\\/author\\\/adminvp\\\/\"}]}<\/script>\n<!-- \/ Yoast SEO plugin. -->","yoast_head_json":{"title":"Un responsable fran\u00e7ais affirme les perspectives du partenariat strat\u00e9gique - Ambassade de la r\u00e9publique socialiste du Vietnam en France","robots":{"index":"index","follow":"follow","max-snippet":"max-snippet:-1","max-image-preview":"max-image-preview:large","max-video-preview":"max-video-preview:-1"},"canonical":"https:\/\/ambassade-vietnam.com\/fr\/blog\/2023\/11\/28\/un-responsable-francais-affirme-les-perspectives-du-partenariat-strategique\/","og_locale":"fr_FR","og_type":"article","og_title":"Un responsable fran\u00e7ais affirme les perspectives du partenariat strat\u00e9gique - Ambassade de la r\u00e9publique socialiste du Vietnam en France","og_description":"Benoit Guid\u00e9e, directeur d'Asie et d'Oc\u00e9anie du minist\u00e8re fran\u00e7ais des Affaires \u00e9trang\u00e8res, a partag\u00e9 avec l'Agence Vietnamienne d'Information ses estimations sur la coop\u00e9ration bilat\u00e9rale durant ces 10 derni\u00e8res ann\u00e9es et les perspectives d'avenir du partenariat strat\u00e9gique. \u00c0 l'occasion de la c\u00e9l\u00e9bration du 10e anniversaire de l'\u00e9tablissement d'un partenariat strat\u00e9gique entre le Vietnam et la France, [&hellip;]","og_url":"https:\/\/ambassade-vietnam.com\/fr\/blog\/2023\/11\/28\/un-responsable-francais-affirme-les-perspectives-du-partenariat-strategique\/","og_site_name":"Ambassade de la r\u00e9publique socialiste du Vietnam en France","article_published_time":"2023-11-28T10:35:07+00:00","article_modified_time":"2023-11-28T10:35:54+00:00","og_image":[{"width":559,"height":376,"url":"https:\/\/ambassade-vietnam.com\/fr\/wp-content\/uploads\/sites\/1\/2023\/11\/CTQH.jpg","type":"image\/jpeg"}],"author":"adminvp","twitter_card":"summary_large_image","schema":{"@context":"https:\/\/schema.org","@graph":[{"@type":"Article","@id":"https:\/\/ambassade-vietnam.com\/fr\/blog\/2023\/11\/28\/un-responsable-francais-affirme-les-perspectives-du-partenariat-strategique\/#article","isPartOf":{"@id":"https:\/\/ambassade-vietnam.com\/fr\/blog\/2023\/11\/28\/un-responsable-francais-affirme-les-perspectives-du-partenariat-strategique\/"},"author":{"name":"adminvp","@id":"https:\/\/ambassade-vietnam.com\/fr\/#\/schema\/person\/157771b4cb92569e890082d678cca709"},"headline":"Un responsable fran\u00e7ais affirme les perspectives du partenariat strat\u00e9gique","datePublished":"2023-11-28T10:35:07+00:00","dateModified":"2023-11-28T10:35:54+00:00","mainEntityOfPage":{"@id":"https:\/\/ambassade-vietnam.com\/fr\/blog\/2023\/11\/28\/un-responsable-francais-affirme-les-perspectives-du-partenariat-strategique\/"},"wordCount":1121,"image":{"@id":"https:\/\/ambassade-vietnam.com\/fr\/blog\/2023\/11\/28\/un-responsable-francais-affirme-les-perspectives-du-partenariat-strategique\/#primaryimage"},"thumbnailUrl":"https:\/\/ambassade-vietnam.com\/fr\/wp-content\/uploads\/sites\/1\/2023\/11\/CTQH.jpg","articleSection":["Actualit\u00e9s"],"inLanguage":"fr-FR"},{"@type":"WebPage","@id":"https:\/\/ambassade-vietnam.com\/fr\/blog\/2023\/11\/28\/un-responsable-francais-affirme-les-perspectives-du-partenariat-strategique\/","url":"https:\/\/ambassade-vietnam.com\/fr\/blog\/2023\/11\/28\/un-responsable-francais-affirme-les-perspectives-du-partenariat-strategique\/","name":"Un responsable fran\u00e7ais affirme les perspectives du partenariat strat\u00e9gique - Ambassade de la r\u00e9publique socialiste du Vietnam en France","isPartOf":{"@id":"https:\/\/ambassade-vietnam.com\/fr\/#website"},"primaryImageOfPage":{"@id":"https:\/\/ambassade-vietnam.com\/fr\/blog\/2023\/11\/28\/un-responsable-francais-affirme-les-perspectives-du-partenariat-strategique\/#primaryimage"},"image":{"@id":"https:\/\/ambassade-vietnam.com\/fr\/blog\/2023\/11\/28\/un-responsable-francais-affirme-les-perspectives-du-partenariat-strategique\/#primaryimage"},"thumbnailUrl":"https:\/\/ambassade-vietnam.com\/fr\/wp-content\/uploads\/sites\/1\/2023\/11\/CTQH.jpg","datePublished":"2023-11-28T10:35:07+00:00","dateModified":"2023-11-28T10:35:54+00:00","author":{"@id":"https:\/\/ambassade-vietnam.com\/fr\/#\/schema\/person\/157771b4cb92569e890082d678cca709"},"breadcrumb":{"@id":"https:\/\/ambassade-vietnam.com\/fr\/blog\/2023\/11\/28\/un-responsable-francais-affirme-les-perspectives-du-partenariat-strategique\/#breadcrumb"},"inLanguage":"fr-FR","potentialAction":[{"@type":"ReadAction","target":["https:\/\/ambassade-vietnam.com\/fr\/blog\/2023\/11\/28\/un-responsable-francais-affirme-les-perspectives-du-partenariat-strategique\/"]}]},{"@type":"ImageObject","inLanguage":"fr-FR","@id":"https:\/\/ambassade-vietnam.com\/fr\/blog\/2023\/11\/28\/un-responsable-francais-affirme-les-perspectives-du-partenariat-strategique\/#primaryimage","url":"https:\/\/ambassade-vietnam.com\/fr\/wp-content\/uploads\/sites\/1\/2023\/11\/CTQH.jpg","contentUrl":"https:\/\/ambassade-vietnam.com\/fr\/wp-content\/uploads\/sites\/1\/2023\/11\/CTQH.jpg","width":559,"height":376},{"@type":"BreadcrumbList","@id":"https:\/\/ambassade-vietnam.com\/fr\/blog\/2023\/11\/28\/un-responsable-francais-affirme-les-perspectives-du-partenariat-strategique\/#breadcrumb","itemListElement":[{"@type":"ListItem","position":1,"name":"Home","item":"https:\/\/ambassade-vietnam.com\/fr\/"},{"@type":"ListItem","position":2,"name":"Un responsable fran\u00e7ais affirme les perspectives du partenariat strat\u00e9gique"}]},{"@type":"WebSite","@id":"https:\/\/ambassade-vietnam.com\/fr\/#website","url":"https:\/\/ambassade-vietnam.com\/fr\/","name":"Ambassade de la r\u00e9publique socialiste du Vietnam en France","description":"","potentialAction":[{"@type":"SearchAction","target":{"@type":"EntryPoint","urlTemplate":"https:\/\/ambassade-vietnam.com\/fr\/?s={search_term_string}"},"query-input":{"@type":"PropertyValueSpecification","valueRequired":true,"valueName":"search_term_string"}}],"inLanguage":"fr-FR"},{"@type":"Person","@id":"https:\/\/ambassade-vietnam.com\/fr\/#\/schema\/person\/157771b4cb92569e890082d678cca709","name":"adminvp","image":{"@type":"ImageObject","inLanguage":"fr-FR","@id":"https:\/\/secure.gravatar.com\/avatar\/d8e4d6deee903159aaf887061f78c651a4b57f36e29053feb0523346e5d34678?s=96&d=mm&r=g","url":"https:\/\/secure.gravatar.com\/avatar\/d8e4d6deee903159aaf887061f78c651a4b57f36e29053feb0523346e5d34678?s=96&d=mm&r=g","contentUrl":"https:\/\/secure.gravatar.com\/avatar\/d8e4d6deee903159aaf887061f78c651a4b57f36e29053feb0523346e5d34678?s=96&d=mm&r=g","caption":"adminvp"},"url":"https:\/\/ambassade-vietnam.com\/fr\/blog\/author\/adminvp\/"}]}},"_links":{"self":[{"href":"https:\/\/ambassade-vietnam.com\/fr\/wp-json\/wp\/v2\/posts\/941","targetHints":{"allow":["GET"]}}],"collection":[{"href":"https:\/\/ambassade-vietnam.com\/fr\/wp-json\/wp\/v2\/posts"}],"about":[{"href":"https:\/\/ambassade-vietnam.com\/fr\/wp-json\/wp\/v2\/types\/post"}],"author":[{"embeddable":true,"href":"https:\/\/ambassade-vietnam.com\/fr\/wp-json\/wp\/v2\/users\/1419"}],"replies":[{"embeddable":true,"href":"https:\/\/ambassade-vietnam.com\/fr\/wp-json\/wp\/v2\/comments?post=941"}],"version-history":[{"count":3,"href":"https:\/\/ambassade-vietnam.com\/fr\/wp-json\/wp\/v2\/posts\/941\/revisions"}],"predecessor-version":[{"id":945,"href":"https:\/\/ambassade-vietnam.com\/fr\/wp-json\/wp\/v2\/posts\/941\/revisions\/945"}],"wp:featuredmedia":[{"embeddable":true,"href":"https:\/\/ambassade-vietnam.com\/fr\/wp-json\/wp\/v2\/media\/942"}],"wp:attachment":[{"href":"https:\/\/ambassade-vietnam.com\/fr\/wp-json\/wp\/v2\/media?parent=941"}],"wp:term":[{"taxonomy":"category","embeddable":true,"href":"https:\/\/ambassade-vietnam.com\/fr\/wp-json\/wp\/v2\/categories?post=941"},{"taxonomy":"post_tag","embeddable":true,"href":"https:\/\/ambassade-vietnam.com\/fr\/wp-json\/wp\/v2\/tags?post=941"}],"curies":[{"name":"wp","href":"https:\/\/api.w.org\/{rel}","templated":true}]}}