{"id":786,"date":"2020-03-17T16:02:16","date_gmt":"2020-03-17T15:02:16","guid":{"rendered":"https:\/\/ambassade-vietnam.com\/fr\/?p=786"},"modified":"2020-03-17T16:05:17","modified_gmt":"2020-03-17T15:05:17","slug":"informations-aux-voyageurs-concernant-lepidemie-du-covid-19-2","status":"publish","type":"post","link":"https:\/\/ambassade-vietnam.com\/fr\/blog\/2020\/03\/17\/informations-aux-voyageurs-concernant-lepidemie-du-covid-19-2\/","title":{"rendered":"INFORMATIONS AUX VOYAGEURS CONCERNANT L\u2019\u00c9PID\u00c9MIE DU COVID-19"},"content":{"rendered":"<p><em>Mise \u00e0 jour le 17 mars 2020<\/em><\/p>\n<p><span style=\"font-family: 'times new roman', times, serif;font-size: 14pt\">Face aux \u00e9volutions complexes de l'\u00e9pid\u00e9mie Covid-19, le Gouvernement vietnamien d\u00e9cide de suspendre temporairement, pendant 30 jours \u00e0 partir de 00h00 du 18 mars 2020, la d\u00e9livrance de visa aux ressortissants \u00e9trangers. L\u2019entr\u00e9e des ressortissants des pays non concern\u00e9s par les pr\u00e9c\u00e9dentes notes verbales sous r\u00e9gime d\u2019exemption de visa de 15 jours ou de 5 ans et des personnes munies de visa professionnel (experts, managers des entreprises, travailleurs de qualit\u00e9) seront conditionn\u00e9e par un certificat de non-contamination d\u00e9livr\u00e9 les autorit\u00e9s m\u00e9dicales du pays de d\u00e9part reconnu par le Vi\u00eat Nam. Ces mesures ne seront appliqu\u00e9es aux voyageurs en mission officielle ou diplomatique.<\/span><\/p>\n<p><span style=\"font-family: 'times new roman', times, serif;font-size: 14pt\">L\u2019examen m\u00e9dical \u00e0 l\u2019arriv\u00e9e, contr\u00f4le de l\u2019application des mesures sanitaires ainsi que la mise en quarantaine m\u00e9dicale collective sera automatique pour tous voyageurs selon les r\u00e8glements en vigueur du Vi\u00eat Nam. Ces mesures sont d\u00e9sormais \u00e9largies aux les voyageurs venant des \u00c9tats-Unis, tous les pays europ\u00e9ens, les pays de l\u2019ASEAN. Pour les autres voyageurs, le contr\u00f4le continu du respect des mesures de quarantaine \u00e0 domicile, en lieu de r\u00e9sidence, \u00e0 l\u2019entreprise et individuelle sera \u00e9galement appliqu\u00e9<\/span><\/p>\n<p><span style=\"font-family: 'times new roman', times, serif;font-size: 14pt\">Ces mesures ont pour seul objectif de lutter contre la pand\u00e9mie COVID-19, de prot\u00e9ger des vietnamiens et \u00e9trangers.<\/span><\/p>\n<p><span style=\"font-family: 'times new roman', times, serif;font-size: 14pt\">Les ressortissants vietnamiens et autres voyageurs ayant le droit <strong>seront automatiquement soumis \u00e0 des mesures de contr\u00f4le<\/strong>\u00a0\u00e0 la fronti\u00e8re, \u00e0 savoir\u00a0:<\/span><\/p>\n<ul>\n<li><span style=\"font-family: 'times new roman', times, serif;font-size: 14pt\">Une d\u00e9claration obligatoire de l\u2019\u00e9tat de sant\u00e9 (d\u00e9claration pr\u00e9alable en ligne \u00e0 l\u2019adresse\u00a0: <a href=\"https:\/\/suckhoetoandan.vn\/\">https:\/\/suckhoetoandan.vn\/<\/a>ou sur papier avant l\u2019entr\u00e9e sur le territoire)\u00a0;<\/span><\/li>\n<li><span style=\"font-family: 'times new roman', times, serif;font-size: 14pt\">Des contr\u00f4les thermiques au niveau des postes frontaliers\u00a0;<\/span><\/li>\n<li><span style=\"font-family: 'times new roman', times, serif;font-size: 14pt\"><strong>La mise en quarantaine pendant 14 jours<\/strong>.<\/span><\/li>\n<\/ul>\n<p><span style=\"font-family: 'times new roman', times, serif;font-size: 14pt\">Les ressortissants fran\u00e7ais souhaitant voyager au Vietnam sont pri\u00e9s de consulter les informations mises \u00e0 jour de\u00a0<a href=\"https:\/\/vn.ambafrance.org\/Sante-Infection-pulmonaire-Nouveau-coronavirus-covid-19?fbclid=IwAR2UODBazaChXtNKNlemXah46Hmzsf1yidtKAl3QwuZdI3FKpXZoITypbm0\"><strong>l'Ambassade de France au Vietnam<\/strong><\/a><strong>\u00a0<\/strong>et\u00a0\/ou au\u00a0<a href=\"https:\/\/www.diplomatie.gouv.fr\/fr\/le-ministere-et-son-reseau\/le-centre-de-crise-et-de-soutien\/\"><strong>Centre de Crise du MEAE fran\u00e7ais<\/strong><\/a>.<\/span><\/p>\n","protected":false},"excerpt":{"rendered":"<p>Mise \u00e0 jour le 17 mars 2020 Face aux \u00e9volutions complexes de l&rsquo;\u00e9pid\u00e9mie Covid-19, le Gouvernement vietnamien d\u00e9cide de suspendre temporairement, pendant 30 jours \u00e0 partir de 00h00 du 18 mars 2020, la d\u00e9livrance de visa aux ressortissants \u00e9trangers. L\u2019entr\u00e9e des ressortissants des pays non concern\u00e9s par les pr\u00e9c\u00e9dentes notes verbales sous r\u00e9gime d\u2019exemption de [&hellip;]<\/p>\n","protected":false},"author":12,"featured_media":788,"comment_status":"open","ping_status":"open","sticky":true,"template":"","format":"standard","meta":{"footnotes":""},"categories":[11],"tags":[13,12],"class_list":["post-786","post","type-post","status-publish","format-standard","has-post-thumbnail","hentry","category-avis-de-lambassade","tag-avis","tag-information"],"yoast_head":"<!-- This site is optimized with the Yoast SEO plugin v27.5 - https:\/\/yoast.com\/product\/yoast-seo-wordpress\/ -->\n<title>INFORMATIONS AUX VOYAGEURS CONCERNANT L\u2019\u00c9PID\u00c9MIE DU COVID-19 - Ambassade de la r\u00e9publique socialiste du Vietnam en France<\/title>\n<meta name=\"robots\" content=\"index, follow, max-snippet:-1, max-image-preview:large, max-video-preview:-1\" \/>\n<link rel=\"canonical\" href=\"https:\/\/ambassade-vietnam.com\/fr\/blog\/2020\/03\/17\/informations-aux-voyageurs-concernant-lepidemie-du-covid-19-2\/\" \/>\n<meta property=\"og:locale\" content=\"fr_FR\" \/>\n<meta property=\"og:type\" content=\"article\" \/>\n<meta property=\"og:title\" content=\"INFORMATIONS AUX VOYAGEURS CONCERNANT L\u2019\u00c9PID\u00c9MIE DU COVID-19 - Ambassade de la r\u00e9publique socialiste du Vietnam en France\" \/>\n<meta property=\"og:description\" content=\"Mise \u00e0 jour le 17 mars 2020 Face aux \u00e9volutions complexes de l&#039;\u00e9pid\u00e9mie Covid-19, le Gouvernement vietnamien d\u00e9cide de suspendre temporairement, pendant 30 jours \u00e0 partir de 00h00 du 18 mars 2020, la d\u00e9livrance de visa aux ressortissants \u00e9trangers. L\u2019entr\u00e9e des ressortissants des pays non concern\u00e9s par les pr\u00e9c\u00e9dentes notes verbales sous r\u00e9gime d\u2019exemption de [&hellip;]\" \/>\n<meta property=\"og:url\" content=\"https:\/\/ambassade-vietnam.com\/fr\/blog\/2020\/03\/17\/informations-aux-voyageurs-concernant-lepidemie-du-covid-19-2\/\" \/>\n<meta property=\"og:site_name\" content=\"Ambassade de la r\u00e9publique socialiste du Vietnam en France\" \/>\n<meta property=\"article:published_time\" content=\"2020-03-17T15:02:16+00:00\" \/>\n<meta property=\"article:modified_time\" content=\"2020-03-17T15:05:17+00:00\" \/>\n<meta property=\"og:image\" content=\"https:\/\/ambassade-vietnam.com\/fr\/wp-content\/uploads\/sites\/1\/2020\/03\/hop-tac-Viet-Phap.jpg\" \/>\n\t<meta property=\"og:image:width\" content=\"754\" \/>\n\t<meta property=\"og:image:height\" content=\"494\" \/>\n\t<meta property=\"og:image:type\" content=\"image\/jpeg\" \/>\n<meta name=\"author\" content=\"Ambassade Admin\" \/>\n<meta name=\"twitter:card\" content=\"summary_large_image\" \/>\n<script type=\"application\/ld+json\" class=\"yoast-schema-graph\">{\"@context\":\"https:\\\/\\\/schema.org\",\"@graph\":[{\"@type\":\"Article\",\"@id\":\"https:\\\/\\\/ambassade-vietnam.com\\\/fr\\\/blog\\\/2020\\\/03\\\/17\\\/informations-aux-voyageurs-concernant-lepidemie-du-covid-19-2\\\/#article\",\"isPartOf\":{\"@id\":\"https:\\\/\\\/ambassade-vietnam.com\\\/fr\\\/blog\\\/2020\\\/03\\\/17\\\/informations-aux-voyageurs-concernant-lepidemie-du-covid-19-2\\\/\"},\"author\":{\"name\":\"Ambassade Admin\",\"@id\":\"https:\\\/\\\/ambassade-vietnam.com\\\/fr\\\/#\\\/schema\\\/person\\\/91803d55e1acf1fe24c87fd924cf2c0c\"},\"headline\":\"INFORMATIONS AUX VOYAGEURS CONCERNANT L\u2019\u00c9PID\u00c9MIE DU COVID-19\",\"datePublished\":\"2020-03-17T15:02:16+00:00\",\"dateModified\":\"2020-03-17T15:05:17+00:00\",\"mainEntityOfPage\":{\"@id\":\"https:\\\/\\\/ambassade-vietnam.com\\\/fr\\\/blog\\\/2020\\\/03\\\/17\\\/informations-aux-voyageurs-concernant-lepidemie-du-covid-19-2\\\/\"},\"wordCount\":335,\"commentCount\":0,\"image\":{\"@id\":\"https:\\\/\\\/ambassade-vietnam.com\\\/fr\\\/blog\\\/2020\\\/03\\\/17\\\/informations-aux-voyageurs-concernant-lepidemie-du-covid-19-2\\\/#primaryimage\"},\"thumbnailUrl\":\"https:\\\/\\\/ambassade-vietnam.com\\\/fr\\\/wp-content\\\/uploads\\\/sites\\\/1\\\/2020\\\/03\\\/hop-tac-Viet-Phap.jpg\",\"keywords\":[\"Avis\",\"information\"],\"articleSection\":[\"Avis de l'ambassade\"],\"inLanguage\":\"fr-FR\",\"potentialAction\":[{\"@type\":\"CommentAction\",\"name\":\"Comment\",\"target\":[\"https:\\\/\\\/ambassade-vietnam.com\\\/fr\\\/blog\\\/2020\\\/03\\\/17\\\/informations-aux-voyageurs-concernant-lepidemie-du-covid-19-2\\\/#respond\"]}]},{\"@type\":\"WebPage\",\"@id\":\"https:\\\/\\\/ambassade-vietnam.com\\\/fr\\\/blog\\\/2020\\\/03\\\/17\\\/informations-aux-voyageurs-concernant-lepidemie-du-covid-19-2\\\/\",\"url\":\"https:\\\/\\\/ambassade-vietnam.com\\\/fr\\\/blog\\\/2020\\\/03\\\/17\\\/informations-aux-voyageurs-concernant-lepidemie-du-covid-19-2\\\/\",\"name\":\"INFORMATIONS AUX VOYAGEURS CONCERNANT L\u2019\u00c9PID\u00c9MIE DU COVID-19 - Ambassade de la r\u00e9publique socialiste du Vietnam en France\",\"isPartOf\":{\"@id\":\"https:\\\/\\\/ambassade-vietnam.com\\\/fr\\\/#website\"},\"primaryImageOfPage\":{\"@id\":\"https:\\\/\\\/ambassade-vietnam.com\\\/fr\\\/blog\\\/2020\\\/03\\\/17\\\/informations-aux-voyageurs-concernant-lepidemie-du-covid-19-2\\\/#primaryimage\"},\"image\":{\"@id\":\"https:\\\/\\\/ambassade-vietnam.com\\\/fr\\\/blog\\\/2020\\\/03\\\/17\\\/informations-aux-voyageurs-concernant-lepidemie-du-covid-19-2\\\/#primaryimage\"},\"thumbnailUrl\":\"https:\\\/\\\/ambassade-vietnam.com\\\/fr\\\/wp-content\\\/uploads\\\/sites\\\/1\\\/2020\\\/03\\\/hop-tac-Viet-Phap.jpg\",\"datePublished\":\"2020-03-17T15:02:16+00:00\",\"dateModified\":\"2020-03-17T15:05:17+00:00\",\"author\":{\"@id\":\"https:\\\/\\\/ambassade-vietnam.com\\\/fr\\\/#\\\/schema\\\/person\\\/91803d55e1acf1fe24c87fd924cf2c0c\"},\"breadcrumb\":{\"@id\":\"https:\\\/\\\/ambassade-vietnam.com\\\/fr\\\/blog\\\/2020\\\/03\\\/17\\\/informations-aux-voyageurs-concernant-lepidemie-du-covid-19-2\\\/#breadcrumb\"},\"inLanguage\":\"fr-FR\",\"potentialAction\":[{\"@type\":\"ReadAction\",\"target\":[\"https:\\\/\\\/ambassade-vietnam.com\\\/fr\\\/blog\\\/2020\\\/03\\\/17\\\/informations-aux-voyageurs-concernant-lepidemie-du-covid-19-2\\\/\"]}]},{\"@type\":\"ImageObject\",\"inLanguage\":\"fr-FR\",\"@id\":\"https:\\\/\\\/ambassade-vietnam.com\\\/fr\\\/blog\\\/2020\\\/03\\\/17\\\/informations-aux-voyageurs-concernant-lepidemie-du-covid-19-2\\\/#primaryimage\",\"url\":\"https:\\\/\\\/ambassade-vietnam.com\\\/fr\\\/wp-content\\\/uploads\\\/sites\\\/1\\\/2020\\\/03\\\/hop-tac-Viet-Phap.jpg\",\"contentUrl\":\"https:\\\/\\\/ambassade-vietnam.com\\\/fr\\\/wp-content\\\/uploads\\\/sites\\\/1\\\/2020\\\/03\\\/hop-tac-Viet-Phap.jpg\",\"width\":754,\"height\":494},{\"@type\":\"BreadcrumbList\",\"@id\":\"https:\\\/\\\/ambassade-vietnam.com\\\/fr\\\/blog\\\/2020\\\/03\\\/17\\\/informations-aux-voyageurs-concernant-lepidemie-du-covid-19-2\\\/#breadcrumb\",\"itemListElement\":[{\"@type\":\"ListItem\",\"position\":1,\"name\":\"Home\",\"item\":\"https:\\\/\\\/ambassade-vietnam.com\\\/fr\\\/\"},{\"@type\":\"ListItem\",\"position\":2,\"name\":\"INFORMATIONS AUX VOYAGEURS CONCERNANT L\u2019\u00c9PID\u00c9MIE DU COVID-19\"}]},{\"@type\":\"WebSite\",\"@id\":\"https:\\\/\\\/ambassade-vietnam.com\\\/fr\\\/#website\",\"url\":\"https:\\\/\\\/ambassade-vietnam.com\\\/fr\\\/\",\"name\":\"Ambassade de la r\u00e9publique socialiste du Vietnam en France\",\"description\":\"\",\"potentialAction\":[{\"@type\":\"SearchAction\",\"target\":{\"@type\":\"EntryPoint\",\"urlTemplate\":\"https:\\\/\\\/ambassade-vietnam.com\\\/fr\\\/?s={search_term_string}\"},\"query-input\":{\"@type\":\"PropertyValueSpecification\",\"valueRequired\":true,\"valueName\":\"search_term_string\"}}],\"inLanguage\":\"fr-FR\"},{\"@type\":\"Person\",\"@id\":\"https:\\\/\\\/ambassade-vietnam.com\\\/fr\\\/#\\\/schema\\\/person\\\/91803d55e1acf1fe24c87fd924cf2c0c\",\"name\":\"Ambassade Admin\",\"image\":{\"@type\":\"ImageObject\",\"inLanguage\":\"fr-FR\",\"@id\":\"https:\\\/\\\/secure.gravatar.com\\\/avatar\\\/f66817d94bb96a4c23fae2dc1ddfeabd7c742a68d5245b858f8fecec84657c47?s=96&d=mm&r=g\",\"url\":\"https:\\\/\\\/secure.gravatar.com\\\/avatar\\\/f66817d94bb96a4c23fae2dc1ddfeabd7c742a68d5245b858f8fecec84657c47?s=96&d=mm&r=g\",\"contentUrl\":\"https:\\\/\\\/secure.gravatar.com\\\/avatar\\\/f66817d94bb96a4c23fae2dc1ddfeabd7c742a68d5245b858f8fecec84657c47?s=96&d=mm&r=g\",\"caption\":\"Ambassade Admin\"},\"url\":\"https:\\\/\\\/ambassade-vietnam.com\\\/fr\\\/blog\\\/author\\\/adminambassade\\\/\"}]}<\/script>\n<!-- \/ Yoast SEO plugin. -->","yoast_head_json":{"title":"INFORMATIONS AUX VOYAGEURS CONCERNANT L\u2019\u00c9PID\u00c9MIE DU COVID-19 - Ambassade de la r\u00e9publique socialiste du Vietnam en France","robots":{"index":"index","follow":"follow","max-snippet":"max-snippet:-1","max-image-preview":"max-image-preview:large","max-video-preview":"max-video-preview:-1"},"canonical":"https:\/\/ambassade-vietnam.com\/fr\/blog\/2020\/03\/17\/informations-aux-voyageurs-concernant-lepidemie-du-covid-19-2\/","og_locale":"fr_FR","og_type":"article","og_title":"INFORMATIONS AUX VOYAGEURS CONCERNANT L\u2019\u00c9PID\u00c9MIE DU COVID-19 - Ambassade de la r\u00e9publique socialiste du Vietnam en France","og_description":"Mise \u00e0 jour le 17 mars 2020 Face aux \u00e9volutions complexes de l'\u00e9pid\u00e9mie Covid-19, le Gouvernement vietnamien d\u00e9cide de suspendre temporairement, pendant 30 jours \u00e0 partir de 00h00 du 18 mars 2020, la d\u00e9livrance de visa aux ressortissants \u00e9trangers. L\u2019entr\u00e9e des ressortissants des pays non concern\u00e9s par les pr\u00e9c\u00e9dentes notes verbales sous r\u00e9gime d\u2019exemption de [&hellip;]","og_url":"https:\/\/ambassade-vietnam.com\/fr\/blog\/2020\/03\/17\/informations-aux-voyageurs-concernant-lepidemie-du-covid-19-2\/","og_site_name":"Ambassade de la r\u00e9publique socialiste du Vietnam en France","article_published_time":"2020-03-17T15:02:16+00:00","article_modified_time":"2020-03-17T15:05:17+00:00","og_image":[{"width":754,"height":494,"url":"https:\/\/ambassade-vietnam.com\/fr\/wp-content\/uploads\/sites\/1\/2020\/03\/hop-tac-Viet-Phap.jpg","type":"image\/jpeg"}],"author":"Ambassade Admin","twitter_card":"summary_large_image","schema":{"@context":"https:\/\/schema.org","@graph":[{"@type":"Article","@id":"https:\/\/ambassade-vietnam.com\/fr\/blog\/2020\/03\/17\/informations-aux-voyageurs-concernant-lepidemie-du-covid-19-2\/#article","isPartOf":{"@id":"https:\/\/ambassade-vietnam.com\/fr\/blog\/2020\/03\/17\/informations-aux-voyageurs-concernant-lepidemie-du-covid-19-2\/"},"author":{"name":"Ambassade Admin","@id":"https:\/\/ambassade-vietnam.com\/fr\/#\/schema\/person\/91803d55e1acf1fe24c87fd924cf2c0c"},"headline":"INFORMATIONS AUX VOYAGEURS CONCERNANT L\u2019\u00c9PID\u00c9MIE DU COVID-19","datePublished":"2020-03-17T15:02:16+00:00","dateModified":"2020-03-17T15:05:17+00:00","mainEntityOfPage":{"@id":"https:\/\/ambassade-vietnam.com\/fr\/blog\/2020\/03\/17\/informations-aux-voyageurs-concernant-lepidemie-du-covid-19-2\/"},"wordCount":335,"commentCount":0,"image":{"@id":"https:\/\/ambassade-vietnam.com\/fr\/blog\/2020\/03\/17\/informations-aux-voyageurs-concernant-lepidemie-du-covid-19-2\/#primaryimage"},"thumbnailUrl":"https:\/\/ambassade-vietnam.com\/fr\/wp-content\/uploads\/sites\/1\/2020\/03\/hop-tac-Viet-Phap.jpg","keywords":["Avis","information"],"articleSection":["Avis de l'ambassade"],"inLanguage":"fr-FR","potentialAction":[{"@type":"CommentAction","name":"Comment","target":["https:\/\/ambassade-vietnam.com\/fr\/blog\/2020\/03\/17\/informations-aux-voyageurs-concernant-lepidemie-du-covid-19-2\/#respond"]}]},{"@type":"WebPage","@id":"https:\/\/ambassade-vietnam.com\/fr\/blog\/2020\/03\/17\/informations-aux-voyageurs-concernant-lepidemie-du-covid-19-2\/","url":"https:\/\/ambassade-vietnam.com\/fr\/blog\/2020\/03\/17\/informations-aux-voyageurs-concernant-lepidemie-du-covid-19-2\/","name":"INFORMATIONS AUX VOYAGEURS CONCERNANT L\u2019\u00c9PID\u00c9MIE DU COVID-19 - Ambassade de la r\u00e9publique socialiste du Vietnam en France","isPartOf":{"@id":"https:\/\/ambassade-vietnam.com\/fr\/#website"},"primaryImageOfPage":{"@id":"https:\/\/ambassade-vietnam.com\/fr\/blog\/2020\/03\/17\/informations-aux-voyageurs-concernant-lepidemie-du-covid-19-2\/#primaryimage"},"image":{"@id":"https:\/\/ambassade-vietnam.com\/fr\/blog\/2020\/03\/17\/informations-aux-voyageurs-concernant-lepidemie-du-covid-19-2\/#primaryimage"},"thumbnailUrl":"https:\/\/ambassade-vietnam.com\/fr\/wp-content\/uploads\/sites\/1\/2020\/03\/hop-tac-Viet-Phap.jpg","datePublished":"2020-03-17T15:02:16+00:00","dateModified":"2020-03-17T15:05:17+00:00","author":{"@id":"https:\/\/ambassade-vietnam.com\/fr\/#\/schema\/person\/91803d55e1acf1fe24c87fd924cf2c0c"},"breadcrumb":{"@id":"https:\/\/ambassade-vietnam.com\/fr\/blog\/2020\/03\/17\/informations-aux-voyageurs-concernant-lepidemie-du-covid-19-2\/#breadcrumb"},"inLanguage":"fr-FR","potentialAction":[{"@type":"ReadAction","target":["https:\/\/ambassade-vietnam.com\/fr\/blog\/2020\/03\/17\/informations-aux-voyageurs-concernant-lepidemie-du-covid-19-2\/"]}]},{"@type":"ImageObject","inLanguage":"fr-FR","@id":"https:\/\/ambassade-vietnam.com\/fr\/blog\/2020\/03\/17\/informations-aux-voyageurs-concernant-lepidemie-du-covid-19-2\/#primaryimage","url":"https:\/\/ambassade-vietnam.com\/fr\/wp-content\/uploads\/sites\/1\/2020\/03\/hop-tac-Viet-Phap.jpg","contentUrl":"https:\/\/ambassade-vietnam.com\/fr\/wp-content\/uploads\/sites\/1\/2020\/03\/hop-tac-Viet-Phap.jpg","width":754,"height":494},{"@type":"BreadcrumbList","@id":"https:\/\/ambassade-vietnam.com\/fr\/blog\/2020\/03\/17\/informations-aux-voyageurs-concernant-lepidemie-du-covid-19-2\/#breadcrumb","itemListElement":[{"@type":"ListItem","position":1,"name":"Home","item":"https:\/\/ambassade-vietnam.com\/fr\/"},{"@type":"ListItem","position":2,"name":"INFORMATIONS AUX VOYAGEURS CONCERNANT L\u2019\u00c9PID\u00c9MIE DU COVID-19"}]},{"@type":"WebSite","@id":"https:\/\/ambassade-vietnam.com\/fr\/#website","url":"https:\/\/ambassade-vietnam.com\/fr\/","name":"Ambassade de la r\u00e9publique socialiste du Vietnam en France","description":"","potentialAction":[{"@type":"SearchAction","target":{"@type":"EntryPoint","urlTemplate":"https:\/\/ambassade-vietnam.com\/fr\/?s={search_term_string}"},"query-input":{"@type":"PropertyValueSpecification","valueRequired":true,"valueName":"search_term_string"}}],"inLanguage":"fr-FR"},{"@type":"Person","@id":"https:\/\/ambassade-vietnam.com\/fr\/#\/schema\/person\/91803d55e1acf1fe24c87fd924cf2c0c","name":"Ambassade Admin","image":{"@type":"ImageObject","inLanguage":"fr-FR","@id":"https:\/\/secure.gravatar.com\/avatar\/f66817d94bb96a4c23fae2dc1ddfeabd7c742a68d5245b858f8fecec84657c47?s=96&d=mm&r=g","url":"https:\/\/secure.gravatar.com\/avatar\/f66817d94bb96a4c23fae2dc1ddfeabd7c742a68d5245b858f8fecec84657c47?s=96&d=mm&r=g","contentUrl":"https:\/\/secure.gravatar.com\/avatar\/f66817d94bb96a4c23fae2dc1ddfeabd7c742a68d5245b858f8fecec84657c47?s=96&d=mm&r=g","caption":"Ambassade Admin"},"url":"https:\/\/ambassade-vietnam.com\/fr\/blog\/author\/adminambassade\/"}]}},"_links":{"self":[{"href":"https:\/\/ambassade-vietnam.com\/fr\/wp-json\/wp\/v2\/posts\/786","targetHints":{"allow":["GET"]}}],"collection":[{"href":"https:\/\/ambassade-vietnam.com\/fr\/wp-json\/wp\/v2\/posts"}],"about":[{"href":"https:\/\/ambassade-vietnam.com\/fr\/wp-json\/wp\/v2\/types\/post"}],"author":[{"embeddable":true,"href":"https:\/\/ambassade-vietnam.com\/fr\/wp-json\/wp\/v2\/users\/12"}],"replies":[{"embeddable":true,"href":"https:\/\/ambassade-vietnam.com\/fr\/wp-json\/wp\/v2\/comments?post=786"}],"version-history":[{"count":2,"href":"https:\/\/ambassade-vietnam.com\/fr\/wp-json\/wp\/v2\/posts\/786\/revisions"}],"predecessor-version":[{"id":789,"href":"https:\/\/ambassade-vietnam.com\/fr\/wp-json\/wp\/v2\/posts\/786\/revisions\/789"}],"wp:featuredmedia":[{"embeddable":true,"href":"https:\/\/ambassade-vietnam.com\/fr\/wp-json\/wp\/v2\/media\/788"}],"wp:attachment":[{"href":"https:\/\/ambassade-vietnam.com\/fr\/wp-json\/wp\/v2\/media?parent=786"}],"wp:term":[{"taxonomy":"category","embeddable":true,"href":"https:\/\/ambassade-vietnam.com\/fr\/wp-json\/wp\/v2\/categories?post=786"},{"taxonomy":"post_tag","embeddable":true,"href":"https:\/\/ambassade-vietnam.com\/fr\/wp-json\/wp\/v2\/tags?post=786"}],"curies":[{"name":"wp","href":"https:\/\/api.w.org\/{rel}","templated":true}]}}