{"id":750,"date":"2020-02-04T20:18:40","date_gmt":"2020-02-04T19:18:40","guid":{"rendered":"https:\/\/ambassade-vietnam.com\/fr\/?p=750"},"modified":"2020-02-04T20:19:06","modified_gmt":"2020-02-04T19:19:06","slug":"rencontre-des-vietnamiens-en-france-a-loccasion-du-tet-du-rat","status":"publish","type":"post","link":"https:\/\/ambassade-vietnam.com\/fr\/blog\/2020\/02\/04\/rencontre-des-vietnamiens-en-france-a-loccasion-du-tet-du-rat\/","title":{"rendered":"Rencontre des Vietnamiens en France \u00e0 l&rsquo;occasion du T\u00eat du Rat"},"content":{"rendered":"<table width=\"100%\">\n<tbody>\n<tr>\n<td>Les r\u00e9sidents vietnamiens en France et des amis \u00e9trangers ont profit\u00e9 de l'ambiance festive lors d'une rencontre tenue le 3 f\u00e9vrier \u00e0 Paris, \u00e0 l'occasion du Nouvel an lunaire (le T\u00eat) et du 90e anniversaire de la fondation du Parti communiste du Vietnam.<\/td>\n<\/tr>\n<tr>\n<td>Prenant la parole lors de cet \u00e9v\u00e9nement, l'ambassadeur vietnamien en France, Nguy\u00ean Thi\u00eap, a rappel\u00e9 que lors de son voyage sur quatre continents \u00e0 la recherche du chemin de la r\u00e9volution vietnamienne, Nguy\u00ean Ai Qu\u00f4c (surnom de H\u00f4 Chi Minh) a v\u00e9cu et travaill\u00e9 en France de 1917 \u00e0 1923.<\/p>\n<p>Nguy\u00ean Ai Qu\u00f4c a \u00e9tudi\u00e9 les valeurs de la R\u00e9volution fran\u00e7aise, puis a particip\u00e9 \u00e0 la cr\u00e9ation de l'Association des patriotes annamites, et a ainsi \u00e9tabli les bases de la fondation du Parti communiste du Vietnam (PCV) en 1930, a d\u00e9clar\u00e9 Nguy\u00ean Thi\u00eap.<\/p>\n<p>Sous la direction du PCV, le Vietnam est devenu un pays ind\u00e9pendant en 1945, 15 ans apr\u00e8s la fondation du PCV, et depuis la r\u00e9unification du pays en 1975, le PCV a men\u00e9 avec succ\u00e8s le processus de Renouveau (D\u00f4i moi) pour d\u00e9velopper le pays, a soulign\u00e9 le diplomate vietnamien.<\/p>\n<p>Apr\u00e8s avoir soulign\u00e9 les progr\u00e8s accomplis par le Vietnam tout au long de 2019, en termes de d\u00e9veloppement socio-\u00e9conomique et d'int\u00e9gration mondiale, Nguy\u00ean Thi\u00eap a indiqu\u00e9 que l'ann\u00e9e derni\u00e8re, le Vietnam et la France avaient continu\u00e9 d'\u00e9changer des d\u00e9l\u00e9gations de haut niveau, y compris une visite officielle en France de la Pr\u00e9sidente de l'Assembl\u00e9e nationale, Nguy\u00ean Thi Kim Ng\u00e2n. Les deux pays ont \u00e9galement fait des progr\u00e8s consid\u00e9rables dans la coop\u00e9ration d\u00e9centralis\u00e9e depuis la 11e conf\u00e9rence de Toulouse.<\/p>\n<p>2019 a \u00e9galement \u00e9t\u00e9 une ann\u00e9e sp\u00e9ciale pour la communaut\u00e9 vietnamienne en France \u00e0 travers des \u00e9v\u00e9nements importants, dont notamment le centenaire du mouvement patriotique des expatri\u00e9s vietnamiens et l'Association des Vietnamiens en France - la plus ancienne organisation de Vietnamiens d'outre-mer, selon l\u2019ambassadeur Nguy\u00ean Thi\u00eap.<\/p>\n<p>\u00c0 cette occasion, l\u2019ambassadeur Nguy\u00ean Thi\u00eap a annonc\u00e9 que le gouvernement vietnamien avait nomm\u00e9 Nguy\u00ean C\u00f4ng Tuoi Maurice consul honoraire du pays \u00e0 Marseille, ville portuaire du Sud de la France.<\/p>\n<p>Nguy\u00ean Thi\u00eap a not\u00e9 qu'en 2020, le Vietnam assumait simultan\u00e9ment la pr\u00e9sidence de l'Association des Nations de l'Asie du Sud-Est (ASEAN) et le r\u00f4le de membre non permanent du Conseil de S\u00e9curit\u00e9 des Nations Unies, ce qui repr\u00e9sentait un d\u00e9fi mais aussi une opportunit\u00e9 pour le Vietnam de renforcer sa position sur la sc\u00e8ne mondiale et d'am\u00e9liorer ses liens avec la France dans le cadre des organisations r\u00e9gionales et internationales.<\/p>\n<p>Lors de la c\u00e9r\u00e9monie, la maire de Paris, Anne Hidalgo, a affirm\u00e9 que le Vietnam \u00e9tait un partenaire important qui avait coop\u00e9r\u00e9 efficacement avec la France dans divers domaines.<\/p>\n<p>La communaut\u00e9 vietnamienne a \u00e9galement beaucoup contribu\u00e9 au d\u00e9veloppement de la France en g\u00e9n\u00e9ral et de Paris en particulier, a d\u00e9clar\u00e9 Anne Hidalgo, notant que les valeurs culturelles du Vietnam avaient contribu\u00e9 \u00e0 la diversit\u00e9 culturelle de sa ville.<\/p>\n<p>Dans le cadre de la rencontre, les participants ont appr\u00e9ci\u00e9 des performances artistiques et des plats typiques du Vietnam, ainsi qu'un d\u00e9fil\u00e9 d'ao d\u00e0i\u00a0(tunique traditionnelle de la femme vietnamienne).<\/td>\n<\/tr>\n<\/tbody>\n<\/table>\n","protected":false},"excerpt":{"rendered":"<p>Les r\u00e9sidents vietnamiens en France et des amis \u00e9trangers ont profit\u00e9 de l&rsquo;ambiance festive lors d&rsquo;une rencontre tenue le 3 f\u00e9vrier \u00e0 Paris, \u00e0 l&rsquo;occasion du Nouvel an lunaire (le T\u00eat) et du 90e anniversaire de la fondation du Parti communiste du Vietnam. Prenant la parole lors de cet \u00e9v\u00e9nement, l&rsquo;ambassadeur vietnamien en France, Nguy\u00ean [&hellip;]<\/p>\n","protected":false},"author":1420,"featured_media":751,"comment_status":"closed","ping_status":"open","sticky":true,"template":"","format":"standard","meta":{"footnotes":""},"categories":[1],"tags":[],"class_list":["post-750","post","type-post","status-publish","format-standard","has-post-thumbnail","hentry","category-actualites"],"yoast_head":"<!-- This site is optimized with the Yoast SEO plugin v27.5 - https:\/\/yoast.com\/product\/yoast-seo-wordpress\/ -->\n<title>Rencontre des Vietnamiens en France \u00e0 l&#039;occasion du T\u00eat du Rat - Ambassade de la r\u00e9publique socialiste du Vietnam en France<\/title>\n<meta name=\"robots\" content=\"index, follow, max-snippet:-1, max-image-preview:large, max-video-preview:-1\" \/>\n<link rel=\"canonical\" href=\"https:\/\/ambassade-vietnam.com\/fr\/blog\/2020\/02\/04\/rencontre-des-vietnamiens-en-france-a-loccasion-du-tet-du-rat\/\" \/>\n<meta property=\"og:locale\" content=\"fr_FR\" \/>\n<meta property=\"og:type\" content=\"article\" \/>\n<meta property=\"og:title\" content=\"Rencontre des Vietnamiens en France \u00e0 l&#039;occasion du T\u00eat du Rat - Ambassade de la r\u00e9publique socialiste du Vietnam en France\" \/>\n<meta property=\"og:description\" content=\"Les r\u00e9sidents vietnamiens en France et des amis \u00e9trangers ont profit\u00e9 de l&#039;ambiance festive lors d&#039;une rencontre tenue le 3 f\u00e9vrier \u00e0 Paris, \u00e0 l&#039;occasion du Nouvel an lunaire (le T\u00eat) et du 90e anniversaire de la fondation du Parti communiste du Vietnam. Prenant la parole lors de cet \u00e9v\u00e9nement, l&#039;ambassadeur vietnamien en France, Nguy\u00ean [&hellip;]\" \/>\n<meta property=\"og:url\" content=\"https:\/\/ambassade-vietnam.com\/fr\/blog\/2020\/02\/04\/rencontre-des-vietnamiens-en-france-a-loccasion-du-tet-du-rat\/\" \/>\n<meta property=\"og:site_name\" content=\"Ambassade de la r\u00e9publique socialiste du Vietnam en France\" \/>\n<meta property=\"article:published_time\" content=\"2020-02-04T19:18:40+00:00\" \/>\n<meta property=\"article:modified_time\" content=\"2020-02-04T19:19:06+00:00\" \/>\n<meta property=\"og:image\" content=\"https:\/\/ambassade-vietnam.com\/fr\/wp-content\/uploads\/sites\/1\/2020\/02\/Tet-SQ.jpg\" \/>\n\t<meta property=\"og:image:width\" content=\"500\" \/>\n\t<meta property=\"og:image:height\" content=\"330\" \/>\n\t<meta property=\"og:image:type\" content=\"image\/jpeg\" \/>\n<meta name=\"author\" content=\"adminbaochi\" \/>\n<meta name=\"twitter:card\" content=\"summary_large_image\" \/>\n<script type=\"application\/ld+json\" class=\"yoast-schema-graph\">{\"@context\":\"https:\\\/\\\/schema.org\",\"@graph\":[{\"@type\":\"Article\",\"@id\":\"https:\\\/\\\/ambassade-vietnam.com\\\/fr\\\/blog\\\/2020\\\/02\\\/04\\\/rencontre-des-vietnamiens-en-france-a-loccasion-du-tet-du-rat\\\/#article\",\"isPartOf\":{\"@id\":\"https:\\\/\\\/ambassade-vietnam.com\\\/fr\\\/blog\\\/2020\\\/02\\\/04\\\/rencontre-des-vietnamiens-en-france-a-loccasion-du-tet-du-rat\\\/\"},\"author\":{\"name\":\"adminbaochi\",\"@id\":\"https:\\\/\\\/ambassade-vietnam.com\\\/fr\\\/#\\\/schema\\\/person\\\/27c56a808973eb2c7fc8034d1004174d\"},\"headline\":\"Rencontre des Vietnamiens en France \u00e0 l&rsquo;occasion du T\u00eat du Rat\",\"datePublished\":\"2020-02-04T19:18:40+00:00\",\"dateModified\":\"2020-02-04T19:19:06+00:00\",\"mainEntityOfPage\":{\"@id\":\"https:\\\/\\\/ambassade-vietnam.com\\\/fr\\\/blog\\\/2020\\\/02\\\/04\\\/rencontre-des-vietnamiens-en-france-a-loccasion-du-tet-du-rat\\\/\"},\"wordCount\":597,\"image\":{\"@id\":\"https:\\\/\\\/ambassade-vietnam.com\\\/fr\\\/blog\\\/2020\\\/02\\\/04\\\/rencontre-des-vietnamiens-en-france-a-loccasion-du-tet-du-rat\\\/#primaryimage\"},\"thumbnailUrl\":\"https:\\\/\\\/ambassade-vietnam.com\\\/fr\\\/wp-content\\\/uploads\\\/sites\\\/1\\\/2020\\\/02\\\/Tet-SQ.jpg\",\"articleSection\":[\"Actualit\u00e9s\"],\"inLanguage\":\"fr-FR\"},{\"@type\":\"WebPage\",\"@id\":\"https:\\\/\\\/ambassade-vietnam.com\\\/fr\\\/blog\\\/2020\\\/02\\\/04\\\/rencontre-des-vietnamiens-en-france-a-loccasion-du-tet-du-rat\\\/\",\"url\":\"https:\\\/\\\/ambassade-vietnam.com\\\/fr\\\/blog\\\/2020\\\/02\\\/04\\\/rencontre-des-vietnamiens-en-france-a-loccasion-du-tet-du-rat\\\/\",\"name\":\"Rencontre des Vietnamiens en France \u00e0 l'occasion du T\u00eat du Rat - Ambassade de la r\u00e9publique socialiste du Vietnam en France\",\"isPartOf\":{\"@id\":\"https:\\\/\\\/ambassade-vietnam.com\\\/fr\\\/#website\"},\"primaryImageOfPage\":{\"@id\":\"https:\\\/\\\/ambassade-vietnam.com\\\/fr\\\/blog\\\/2020\\\/02\\\/04\\\/rencontre-des-vietnamiens-en-france-a-loccasion-du-tet-du-rat\\\/#primaryimage\"},\"image\":{\"@id\":\"https:\\\/\\\/ambassade-vietnam.com\\\/fr\\\/blog\\\/2020\\\/02\\\/04\\\/rencontre-des-vietnamiens-en-france-a-loccasion-du-tet-du-rat\\\/#primaryimage\"},\"thumbnailUrl\":\"https:\\\/\\\/ambassade-vietnam.com\\\/fr\\\/wp-content\\\/uploads\\\/sites\\\/1\\\/2020\\\/02\\\/Tet-SQ.jpg\",\"datePublished\":\"2020-02-04T19:18:40+00:00\",\"dateModified\":\"2020-02-04T19:19:06+00:00\",\"author\":{\"@id\":\"https:\\\/\\\/ambassade-vietnam.com\\\/fr\\\/#\\\/schema\\\/person\\\/27c56a808973eb2c7fc8034d1004174d\"},\"breadcrumb\":{\"@id\":\"https:\\\/\\\/ambassade-vietnam.com\\\/fr\\\/blog\\\/2020\\\/02\\\/04\\\/rencontre-des-vietnamiens-en-france-a-loccasion-du-tet-du-rat\\\/#breadcrumb\"},\"inLanguage\":\"fr-FR\",\"potentialAction\":[{\"@type\":\"ReadAction\",\"target\":[\"https:\\\/\\\/ambassade-vietnam.com\\\/fr\\\/blog\\\/2020\\\/02\\\/04\\\/rencontre-des-vietnamiens-en-france-a-loccasion-du-tet-du-rat\\\/\"]}]},{\"@type\":\"ImageObject\",\"inLanguage\":\"fr-FR\",\"@id\":\"https:\\\/\\\/ambassade-vietnam.com\\\/fr\\\/blog\\\/2020\\\/02\\\/04\\\/rencontre-des-vietnamiens-en-france-a-loccasion-du-tet-du-rat\\\/#primaryimage\",\"url\":\"https:\\\/\\\/ambassade-vietnam.com\\\/fr\\\/wp-content\\\/uploads\\\/sites\\\/1\\\/2020\\\/02\\\/Tet-SQ.jpg\",\"contentUrl\":\"https:\\\/\\\/ambassade-vietnam.com\\\/fr\\\/wp-content\\\/uploads\\\/sites\\\/1\\\/2020\\\/02\\\/Tet-SQ.jpg\",\"width\":500,\"height\":330},{\"@type\":\"BreadcrumbList\",\"@id\":\"https:\\\/\\\/ambassade-vietnam.com\\\/fr\\\/blog\\\/2020\\\/02\\\/04\\\/rencontre-des-vietnamiens-en-france-a-loccasion-du-tet-du-rat\\\/#breadcrumb\",\"itemListElement\":[{\"@type\":\"ListItem\",\"position\":1,\"name\":\"Home\",\"item\":\"https:\\\/\\\/ambassade-vietnam.com\\\/fr\\\/\"},{\"@type\":\"ListItem\",\"position\":2,\"name\":\"Rencontre des Vietnamiens en France \u00e0 l&rsquo;occasion du T\u00eat du Rat\"}]},{\"@type\":\"WebSite\",\"@id\":\"https:\\\/\\\/ambassade-vietnam.com\\\/fr\\\/#website\",\"url\":\"https:\\\/\\\/ambassade-vietnam.com\\\/fr\\\/\",\"name\":\"Ambassade de la r\u00e9publique socialiste du Vietnam en France\",\"description\":\"\",\"potentialAction\":[{\"@type\":\"SearchAction\",\"target\":{\"@type\":\"EntryPoint\",\"urlTemplate\":\"https:\\\/\\\/ambassade-vietnam.com\\\/fr\\\/?s={search_term_string}\"},\"query-input\":{\"@type\":\"PropertyValueSpecification\",\"valueRequired\":true,\"valueName\":\"search_term_string\"}}],\"inLanguage\":\"fr-FR\"},{\"@type\":\"Person\",\"@id\":\"https:\\\/\\\/ambassade-vietnam.com\\\/fr\\\/#\\\/schema\\\/person\\\/27c56a808973eb2c7fc8034d1004174d\",\"name\":\"adminbaochi\",\"image\":{\"@type\":\"ImageObject\",\"inLanguage\":\"fr-FR\",\"@id\":\"https:\\\/\\\/secure.gravatar.com\\\/avatar\\\/938c488c3aab740fe28d828bce1628575e0f8b8a17254777ffea4cd2dca2163d?s=96&d=mm&r=g\",\"url\":\"https:\\\/\\\/secure.gravatar.com\\\/avatar\\\/938c488c3aab740fe28d828bce1628575e0f8b8a17254777ffea4cd2dca2163d?s=96&d=mm&r=g\",\"contentUrl\":\"https:\\\/\\\/secure.gravatar.com\\\/avatar\\\/938c488c3aab740fe28d828bce1628575e0f8b8a17254777ffea4cd2dca2163d?s=96&d=mm&r=g\",\"caption\":\"adminbaochi\"},\"url\":\"https:\\\/\\\/ambassade-vietnam.com\\\/fr\\\/blog\\\/author\\\/adminbaochi\\\/\"}]}<\/script>\n<!-- \/ Yoast SEO plugin. -->","yoast_head_json":{"title":"Rencontre des Vietnamiens en France \u00e0 l'occasion du T\u00eat du Rat - Ambassade de la r\u00e9publique socialiste du Vietnam en France","robots":{"index":"index","follow":"follow","max-snippet":"max-snippet:-1","max-image-preview":"max-image-preview:large","max-video-preview":"max-video-preview:-1"},"canonical":"https:\/\/ambassade-vietnam.com\/fr\/blog\/2020\/02\/04\/rencontre-des-vietnamiens-en-france-a-loccasion-du-tet-du-rat\/","og_locale":"fr_FR","og_type":"article","og_title":"Rencontre des Vietnamiens en France \u00e0 l'occasion du T\u00eat du Rat - Ambassade de la r\u00e9publique socialiste du Vietnam en France","og_description":"Les r\u00e9sidents vietnamiens en France et des amis \u00e9trangers ont profit\u00e9 de l'ambiance festive lors d'une rencontre tenue le 3 f\u00e9vrier \u00e0 Paris, \u00e0 l'occasion du Nouvel an lunaire (le T\u00eat) et du 90e anniversaire de la fondation du Parti communiste du Vietnam. Prenant la parole lors de cet \u00e9v\u00e9nement, l'ambassadeur vietnamien en France, Nguy\u00ean [&hellip;]","og_url":"https:\/\/ambassade-vietnam.com\/fr\/blog\/2020\/02\/04\/rencontre-des-vietnamiens-en-france-a-loccasion-du-tet-du-rat\/","og_site_name":"Ambassade de la r\u00e9publique socialiste du Vietnam en France","article_published_time":"2020-02-04T19:18:40+00:00","article_modified_time":"2020-02-04T19:19:06+00:00","og_image":[{"width":500,"height":330,"url":"https:\/\/ambassade-vietnam.com\/fr\/wp-content\/uploads\/sites\/1\/2020\/02\/Tet-SQ.jpg","type":"image\/jpeg"}],"author":"adminbaochi","twitter_card":"summary_large_image","schema":{"@context":"https:\/\/schema.org","@graph":[{"@type":"Article","@id":"https:\/\/ambassade-vietnam.com\/fr\/blog\/2020\/02\/04\/rencontre-des-vietnamiens-en-france-a-loccasion-du-tet-du-rat\/#article","isPartOf":{"@id":"https:\/\/ambassade-vietnam.com\/fr\/blog\/2020\/02\/04\/rencontre-des-vietnamiens-en-france-a-loccasion-du-tet-du-rat\/"},"author":{"name":"adminbaochi","@id":"https:\/\/ambassade-vietnam.com\/fr\/#\/schema\/person\/27c56a808973eb2c7fc8034d1004174d"},"headline":"Rencontre des Vietnamiens en France \u00e0 l&rsquo;occasion du T\u00eat du Rat","datePublished":"2020-02-04T19:18:40+00:00","dateModified":"2020-02-04T19:19:06+00:00","mainEntityOfPage":{"@id":"https:\/\/ambassade-vietnam.com\/fr\/blog\/2020\/02\/04\/rencontre-des-vietnamiens-en-france-a-loccasion-du-tet-du-rat\/"},"wordCount":597,"image":{"@id":"https:\/\/ambassade-vietnam.com\/fr\/blog\/2020\/02\/04\/rencontre-des-vietnamiens-en-france-a-loccasion-du-tet-du-rat\/#primaryimage"},"thumbnailUrl":"https:\/\/ambassade-vietnam.com\/fr\/wp-content\/uploads\/sites\/1\/2020\/02\/Tet-SQ.jpg","articleSection":["Actualit\u00e9s"],"inLanguage":"fr-FR"},{"@type":"WebPage","@id":"https:\/\/ambassade-vietnam.com\/fr\/blog\/2020\/02\/04\/rencontre-des-vietnamiens-en-france-a-loccasion-du-tet-du-rat\/","url":"https:\/\/ambassade-vietnam.com\/fr\/blog\/2020\/02\/04\/rencontre-des-vietnamiens-en-france-a-loccasion-du-tet-du-rat\/","name":"Rencontre des Vietnamiens en France \u00e0 l'occasion du T\u00eat du Rat - Ambassade de la r\u00e9publique socialiste du Vietnam en France","isPartOf":{"@id":"https:\/\/ambassade-vietnam.com\/fr\/#website"},"primaryImageOfPage":{"@id":"https:\/\/ambassade-vietnam.com\/fr\/blog\/2020\/02\/04\/rencontre-des-vietnamiens-en-france-a-loccasion-du-tet-du-rat\/#primaryimage"},"image":{"@id":"https:\/\/ambassade-vietnam.com\/fr\/blog\/2020\/02\/04\/rencontre-des-vietnamiens-en-france-a-loccasion-du-tet-du-rat\/#primaryimage"},"thumbnailUrl":"https:\/\/ambassade-vietnam.com\/fr\/wp-content\/uploads\/sites\/1\/2020\/02\/Tet-SQ.jpg","datePublished":"2020-02-04T19:18:40+00:00","dateModified":"2020-02-04T19:19:06+00:00","author":{"@id":"https:\/\/ambassade-vietnam.com\/fr\/#\/schema\/person\/27c56a808973eb2c7fc8034d1004174d"},"breadcrumb":{"@id":"https:\/\/ambassade-vietnam.com\/fr\/blog\/2020\/02\/04\/rencontre-des-vietnamiens-en-france-a-loccasion-du-tet-du-rat\/#breadcrumb"},"inLanguage":"fr-FR","potentialAction":[{"@type":"ReadAction","target":["https:\/\/ambassade-vietnam.com\/fr\/blog\/2020\/02\/04\/rencontre-des-vietnamiens-en-france-a-loccasion-du-tet-du-rat\/"]}]},{"@type":"ImageObject","inLanguage":"fr-FR","@id":"https:\/\/ambassade-vietnam.com\/fr\/blog\/2020\/02\/04\/rencontre-des-vietnamiens-en-france-a-loccasion-du-tet-du-rat\/#primaryimage","url":"https:\/\/ambassade-vietnam.com\/fr\/wp-content\/uploads\/sites\/1\/2020\/02\/Tet-SQ.jpg","contentUrl":"https:\/\/ambassade-vietnam.com\/fr\/wp-content\/uploads\/sites\/1\/2020\/02\/Tet-SQ.jpg","width":500,"height":330},{"@type":"BreadcrumbList","@id":"https:\/\/ambassade-vietnam.com\/fr\/blog\/2020\/02\/04\/rencontre-des-vietnamiens-en-france-a-loccasion-du-tet-du-rat\/#breadcrumb","itemListElement":[{"@type":"ListItem","position":1,"name":"Home","item":"https:\/\/ambassade-vietnam.com\/fr\/"},{"@type":"ListItem","position":2,"name":"Rencontre des Vietnamiens en France \u00e0 l&rsquo;occasion du T\u00eat du Rat"}]},{"@type":"WebSite","@id":"https:\/\/ambassade-vietnam.com\/fr\/#website","url":"https:\/\/ambassade-vietnam.com\/fr\/","name":"Ambassade de la r\u00e9publique socialiste du Vietnam en France","description":"","potentialAction":[{"@type":"SearchAction","target":{"@type":"EntryPoint","urlTemplate":"https:\/\/ambassade-vietnam.com\/fr\/?s={search_term_string}"},"query-input":{"@type":"PropertyValueSpecification","valueRequired":true,"valueName":"search_term_string"}}],"inLanguage":"fr-FR"},{"@type":"Person","@id":"https:\/\/ambassade-vietnam.com\/fr\/#\/schema\/person\/27c56a808973eb2c7fc8034d1004174d","name":"adminbaochi","image":{"@type":"ImageObject","inLanguage":"fr-FR","@id":"https:\/\/secure.gravatar.com\/avatar\/938c488c3aab740fe28d828bce1628575e0f8b8a17254777ffea4cd2dca2163d?s=96&d=mm&r=g","url":"https:\/\/secure.gravatar.com\/avatar\/938c488c3aab740fe28d828bce1628575e0f8b8a17254777ffea4cd2dca2163d?s=96&d=mm&r=g","contentUrl":"https:\/\/secure.gravatar.com\/avatar\/938c488c3aab740fe28d828bce1628575e0f8b8a17254777ffea4cd2dca2163d?s=96&d=mm&r=g","caption":"adminbaochi"},"url":"https:\/\/ambassade-vietnam.com\/fr\/blog\/author\/adminbaochi\/"}]}},"_links":{"self":[{"href":"https:\/\/ambassade-vietnam.com\/fr\/wp-json\/wp\/v2\/posts\/750","targetHints":{"allow":["GET"]}}],"collection":[{"href":"https:\/\/ambassade-vietnam.com\/fr\/wp-json\/wp\/v2\/posts"}],"about":[{"href":"https:\/\/ambassade-vietnam.com\/fr\/wp-json\/wp\/v2\/types\/post"}],"author":[{"embeddable":true,"href":"https:\/\/ambassade-vietnam.com\/fr\/wp-json\/wp\/v2\/users\/1420"}],"replies":[{"embeddable":true,"href":"https:\/\/ambassade-vietnam.com\/fr\/wp-json\/wp\/v2\/comments?post=750"}],"version-history":[{"count":1,"href":"https:\/\/ambassade-vietnam.com\/fr\/wp-json\/wp\/v2\/posts\/750\/revisions"}],"predecessor-version":[{"id":752,"href":"https:\/\/ambassade-vietnam.com\/fr\/wp-json\/wp\/v2\/posts\/750\/revisions\/752"}],"wp:featuredmedia":[{"embeddable":true,"href":"https:\/\/ambassade-vietnam.com\/fr\/wp-json\/wp\/v2\/media\/751"}],"wp:attachment":[{"href":"https:\/\/ambassade-vietnam.com\/fr\/wp-json\/wp\/v2\/media?parent=750"}],"wp:term":[{"taxonomy":"category","embeddable":true,"href":"https:\/\/ambassade-vietnam.com\/fr\/wp-json\/wp\/v2\/categories?post=750"},{"taxonomy":"post_tag","embeddable":true,"href":"https:\/\/ambassade-vietnam.com\/fr\/wp-json\/wp\/v2\/tags?post=750"}],"curies":[{"name":"wp","href":"https:\/\/api.w.org\/{rel}","templated":true}]}}