{"id":700,"date":"2020-01-09T11:32:24","date_gmt":"2020-01-09T10:32:24","guid":{"rendered":"https:\/\/ambassade-vietnam.com\/fr\/?p=700"},"modified":"2020-01-09T11:33:45","modified_gmt":"2020-01-09T10:33:45","slug":"jean-pierre-raffarin-reunit-les-leaders-pour-la-paix-a-hanoi","status":"publish","type":"post","link":"https:\/\/ambassade-vietnam.com\/fr\/blog\/2020\/01\/09\/jean-pierre-raffarin-reunit-les-leaders-pour-la-paix-a-hanoi\/","title":{"rendered":"Jean-Pierre Raffarin r\u00e9unit les \u00abLeaders pour la Paix\u00bb \u00e0 Hanoi"},"content":{"rendered":"<p>Dans le cadre de l\u2019Universit\u00e9 itin\u00e9rante de la Paix, l\u2019organisation non gouvernementale Leaders pour la Paix, s\u2019est rendue \u00e0 Hanoi les 16 et 17 d\u00e9cembre 2019. Elle y a organis\u00e9 un atelier plac\u00e9 sous le th\u00e8me \u00abPaix et environnement\u00bb.<\/p>\n<p>Apr\u00e8s Abidjan, Paris, Tunis et Gen\u00e8ve, c\u2019est donc Hanoi que Leaders pour la Paix a choisi pour lancer son message, un message de paix, bien \u00e9videmment, qui s\u2019adresse aussi bien aux grands de ce monde qu\u2019\u00e0 chacun d\u2019entre nous.<\/p>\n<p>C\u2019est Jean-Pierre Raffarin, l\u2019ancien Premier ministre fran\u00e7ais, qui pr\u00e9side Leaders pour la Paix. Cette ann\u00e9e, il \u00e9tait accompagn\u00e9 de Kabine Komara, ancien Premier ministre guin\u00e9en; d\u2019Assia Ben Salah, diplomate marocaine; d\u2019Elisabeth Decrey, pr\u00e9sidente d\u2019honneur de l\u2019organisation Geneva Call et ancienne pr\u00e9sidente du parlement de Gen\u00e8ve; de Ouided Bouchamaoui, ancienne pr\u00e9sidente de l\u2019Union tunisienne du commerce, des arts et de l\u2019artisanat, laur\u00e9ate du prix Nobel de la paix en\u00a0 2015; de Yin Myo Su, fondatrice du Inle Heritage Fund au Myanmar; et de Kanwal Sibal, ancien ministre indien des Affaires \u00e9trang\u00e8re.<\/p>\n<p>\u00abNotre objectif est simple: \u00e9couter, comprendre, proposer\u00bb, explique Jean-Pierre Raffarin. \u00abNous voulons \u00e9couter ce que disent les autorit\u00e9s vietnamiennes quand \u00e0 leur propre r\u00f4le aujourd\u2019hui en tant que pr\u00e9sident de l\u2019ASEAN ou en tant que membre du Conseil de s\u00e9curit\u00e9 de l\u2019ONU en janvier prochain. Nous voulons aussi \u00e9couter les jeunes vietnamiens et comprendre leurs pr\u00e9occupations. Nous avons pu rencontrer un certain nombre d\u2019organisations qui nous ont \u00e9clair\u00e9 sur ce qu\u2019est la soci\u00e9t\u00e9 vietnamienne d\u2019aujourd\u2019hui... Vous savez, nous ne sommes pas une organisation qui est pilot\u00e9e par une autre organisation. Nous sommes vraiment une coop\u00e9rative et nous discutons entre nous. Nous sommes les uns et les autres connect\u00e9s \u00e0 la diplomatie de nos pays respectifs et nous avons pas mal d\u2019information que nous rassemblons\u00bb.<\/p>\n<p>Leaders pour la Paix a donc organis\u00e9, en partenariat avec l\u2019Union des organisations d\u2019amiti\u00e9 du Vietnam, un atelier sur le th\u00e8me \u00abPaix et environnement\u00bb avec la participation d\u2019une cinquantaine d\u2019experts, d\u2019universitaires et de chercheurs vietnamiens et \u00e9trangers.<\/p>\n<p>\u00abNous avons pu, dans ce travail, d\u00e9terminer un certain nombre de priorit\u00e9s qui sont tr\u00e8s importantes. Un: le soutien au multilat\u00e9ralisme et la n\u00e9cessit\u00e9 de le r\u00e9former pour lui permettre de survivre. Deux: la question de l\u2019environnement, avec une id\u00e9e ma\u00eetresse qui est sortie de nos discussions, qui est qu\u2019il ne peut pas y avoir de politique de l\u2019eau qui ne prenne pas en compte le probl\u00e8me de la biodiversit\u00e9. La biodiversit\u00e9 est un pr\u00e9alable \u00e0 toute politique de l\u2019eau\u00bb, rel\u00e8ve Jean-Pierre Raffarin.<\/p>\n<p>Kabine Komara a effectivement camp\u00e9 les grandes probl\u00e9matiques environnementales mondiales du moment, avec un accent particulier sur la situation du Vietnam dont les potentialit\u00e9s agricoles et hydriques sont fortement menac\u00e9es, et sur la pollution, qui a atteint un niveau particuli\u00e8rement alarmant \u00e0 Hanoi.<\/p>\n<p>La\u00a0 rencontre a \u00e9t\u00e9 suivie d\u2019un d\u00e9bat extr\u00eamement enrichissant avec les \u00e9tudiants de l\u2019Acad\u00e9mie de diplomatie du Vietnam, un d\u00e9bat qui portait essentiellement sur les crises que traverse le monde actuellement, sur le multilat\u00e9ralisme, sur les m\u00e9canismes de pr\u00e9servation de la paix dans le monde et sur le r\u00f4le des femmes. Elisabeth Decrey s\u2019est montr\u00e9e particuli\u00e8rement impressionn\u00e9e par la qualit\u00e9 des \u00e9changes.<\/p>\n<p>\u00abHier, nous avons eu la chance de rencontrer les \u00e9tudiants de l\u2019Acad\u00e9mie\u00a0 de diplomatie\u00bb, dit-elle. \u00abIls se sont montr\u00e9s tr\u00e8s int\u00e9ress\u00e9s, tr\u00e8s attentifs, avec beaucoup de questions, beaucoup de propositions\u2026 Il y avait beaucoup de jeunes femmes. Nous sommes tr\u00e8s contents de voir que les femmes veulent jouer un r\u00f4le. C\u2019\u00e9tait important pour nous, en tout cas, d\u2019\u00eatre l\u00e0 avec tous ces jeunes, de partager quelques unes de nos r\u00e9flexions avec eux. C\u2019est une g\u00e9n\u00e9ration qui n\u2019a pas connu la guerre mais qui en a connu les cons\u00e9quences et qui vit maintenant dans un pays de paix. Mais la paix c\u2019est quelque chose qui se travaille tous les jours, ce n\u2019est pas quelque chose qui est acquise une fois pour toute. C\u2019est des droits. Et la d\u00e9fense de ces droits passe par le dialogue, par le multilat\u00e9ralisme, d\u2019o\u00f9 l\u2019importance, pour cette jeune g\u00e9n\u00e9ration, du dialogue, de la recherche de la solution commune\u2026\u00bb<\/p>\n<p>Des rencontres ont \u00e9galement eu lieu avec les autorit\u00e9s politiques et gouvernementales vietnamiennes, et ce, alors m\u00eame que le Vietnam s\u2019appr\u00eate \u00e0 si\u00e9ger au Conseil de s\u00e9curit\u00e9 de l\u2019ONU.<\/p>\n<p>Anoter, pour conclure, que T\u00f4n Nu Thi Ninh, qui est une diplomate qui a beaucoup \u0153uvr\u00e9 \u00e0 l\u2019int\u00e9gration internationale du Vietnam et plus particuli\u00e8rement \u00e0 son rapprochement avec la France, a \u00e9t\u00e9 invit\u00e9e \u00e0 se joindre \u00e0 Leaders pour la Paix et \u00e0 y faire entendre la voix du Vietnam.<\/p>\n","protected":false},"excerpt":{"rendered":"<p>Dans le cadre de l\u2019Universit\u00e9 itin\u00e9rante de la Paix, l\u2019organisation non gouvernementale Leaders pour la Paix, s\u2019est rendue \u00e0 Hanoi les 16 et 17 d\u00e9cembre 2019. Elle y a organis\u00e9 un atelier plac\u00e9 sous le th\u00e8me \u00abPaix et environnement\u00bb. Apr\u00e8s Abidjan, Paris, Tunis et Gen\u00e8ve, c\u2019est donc Hanoi que Leaders pour la Paix a choisi [&hellip;]<\/p>\n","protected":false},"author":1420,"featured_media":701,"comment_status":"closed","ping_status":"open","sticky":false,"template":"","format":"standard","meta":{"footnotes":""},"categories":[1],"tags":[],"class_list":["post-700","post","type-post","status-publish","format-standard","has-post-thumbnail","hentry","category-actualites"],"yoast_head":"<!-- This site is optimized with the Yoast SEO plugin v27.5 - https:\/\/yoast.com\/product\/yoast-seo-wordpress\/ -->\n<title>Jean-Pierre Raffarin r\u00e9unit les \u00abLeaders pour la Paix\u00bb \u00e0 Hanoi - Ambassade de la r\u00e9publique socialiste du Vietnam en France<\/title>\n<meta name=\"robots\" content=\"index, follow, max-snippet:-1, max-image-preview:large, max-video-preview:-1\" \/>\n<link rel=\"canonical\" href=\"https:\/\/ambassade-vietnam.com\/fr\/blog\/2020\/01\/09\/jean-pierre-raffarin-reunit-les-leaders-pour-la-paix-a-hanoi\/\" \/>\n<meta property=\"og:locale\" content=\"fr_FR\" \/>\n<meta property=\"og:type\" content=\"article\" \/>\n<meta property=\"og:title\" content=\"Jean-Pierre Raffarin r\u00e9unit les \u00abLeaders pour la Paix\u00bb \u00e0 Hanoi - Ambassade de la r\u00e9publique socialiste du Vietnam en France\" \/>\n<meta property=\"og:description\" content=\"Dans le cadre de l\u2019Universit\u00e9 itin\u00e9rante de la Paix, l\u2019organisation non gouvernementale Leaders pour la Paix, s\u2019est rendue \u00e0 Hanoi les 16 et 17 d\u00e9cembre 2019. Elle y a organis\u00e9 un atelier plac\u00e9 sous le th\u00e8me \u00abPaix et environnement\u00bb. Apr\u00e8s Abidjan, Paris, Tunis et Gen\u00e8ve, c\u2019est donc Hanoi que Leaders pour la Paix a choisi [&hellip;]\" \/>\n<meta property=\"og:url\" content=\"https:\/\/ambassade-vietnam.com\/fr\/blog\/2020\/01\/09\/jean-pierre-raffarin-reunit-les-leaders-pour-la-paix-a-hanoi\/\" \/>\n<meta property=\"og:site_name\" content=\"Ambassade de la r\u00e9publique socialiste du Vietnam en France\" \/>\n<meta property=\"article:published_time\" content=\"2020-01-09T10:32:24+00:00\" \/>\n<meta property=\"article:modified_time\" content=\"2020-01-09T10:33:45+00:00\" \/>\n<meta property=\"og:image\" content=\"https:\/\/ambassade-vietnam.com\/fr\/wp-content\/uploads\/sites\/1\/2020\/01\/conference_de_presse_apres_le_peace_lab.jpg\" \/>\n\t<meta property=\"og:image:width\" content=\"620\" \/>\n\t<meta property=\"og:image:height\" content=\"465\" \/>\n\t<meta property=\"og:image:type\" content=\"image\/jpeg\" \/>\n<meta name=\"author\" content=\"adminbaochi\" \/>\n<meta name=\"twitter:card\" content=\"summary_large_image\" \/>\n<script type=\"application\/ld+json\" class=\"yoast-schema-graph\">{\"@context\":\"https:\\\/\\\/schema.org\",\"@graph\":[{\"@type\":\"Article\",\"@id\":\"https:\\\/\\\/ambassade-vietnam.com\\\/fr\\\/blog\\\/2020\\\/01\\\/09\\\/jean-pierre-raffarin-reunit-les-leaders-pour-la-paix-a-hanoi\\\/#article\",\"isPartOf\":{\"@id\":\"https:\\\/\\\/ambassade-vietnam.com\\\/fr\\\/blog\\\/2020\\\/01\\\/09\\\/jean-pierre-raffarin-reunit-les-leaders-pour-la-paix-a-hanoi\\\/\"},\"author\":{\"name\":\"adminbaochi\",\"@id\":\"https:\\\/\\\/ambassade-vietnam.com\\\/fr\\\/#\\\/schema\\\/person\\\/27c56a808973eb2c7fc8034d1004174d\"},\"headline\":\"Jean-Pierre Raffarin r\u00e9unit les \u00abLeaders pour la Paix\u00bb \u00e0 Hanoi\",\"datePublished\":\"2020-01-09T10:32:24+00:00\",\"dateModified\":\"2020-01-09T10:33:45+00:00\",\"mainEntityOfPage\":{\"@id\":\"https:\\\/\\\/ambassade-vietnam.com\\\/fr\\\/blog\\\/2020\\\/01\\\/09\\\/jean-pierre-raffarin-reunit-les-leaders-pour-la-paix-a-hanoi\\\/\"},\"wordCount\":866,\"image\":{\"@id\":\"https:\\\/\\\/ambassade-vietnam.com\\\/fr\\\/blog\\\/2020\\\/01\\\/09\\\/jean-pierre-raffarin-reunit-les-leaders-pour-la-paix-a-hanoi\\\/#primaryimage\"},\"thumbnailUrl\":\"https:\\\/\\\/ambassade-vietnam.com\\\/fr\\\/wp-content\\\/uploads\\\/sites\\\/1\\\/2020\\\/01\\\/conference_de_presse_apres_le_peace_lab.jpg\",\"articleSection\":[\"Actualit\u00e9s\"],\"inLanguage\":\"fr-FR\"},{\"@type\":\"WebPage\",\"@id\":\"https:\\\/\\\/ambassade-vietnam.com\\\/fr\\\/blog\\\/2020\\\/01\\\/09\\\/jean-pierre-raffarin-reunit-les-leaders-pour-la-paix-a-hanoi\\\/\",\"url\":\"https:\\\/\\\/ambassade-vietnam.com\\\/fr\\\/blog\\\/2020\\\/01\\\/09\\\/jean-pierre-raffarin-reunit-les-leaders-pour-la-paix-a-hanoi\\\/\",\"name\":\"Jean-Pierre Raffarin r\u00e9unit les \u00abLeaders pour la Paix\u00bb \u00e0 Hanoi - Ambassade de la r\u00e9publique socialiste du Vietnam en France\",\"isPartOf\":{\"@id\":\"https:\\\/\\\/ambassade-vietnam.com\\\/fr\\\/#website\"},\"primaryImageOfPage\":{\"@id\":\"https:\\\/\\\/ambassade-vietnam.com\\\/fr\\\/blog\\\/2020\\\/01\\\/09\\\/jean-pierre-raffarin-reunit-les-leaders-pour-la-paix-a-hanoi\\\/#primaryimage\"},\"image\":{\"@id\":\"https:\\\/\\\/ambassade-vietnam.com\\\/fr\\\/blog\\\/2020\\\/01\\\/09\\\/jean-pierre-raffarin-reunit-les-leaders-pour-la-paix-a-hanoi\\\/#primaryimage\"},\"thumbnailUrl\":\"https:\\\/\\\/ambassade-vietnam.com\\\/fr\\\/wp-content\\\/uploads\\\/sites\\\/1\\\/2020\\\/01\\\/conference_de_presse_apres_le_peace_lab.jpg\",\"datePublished\":\"2020-01-09T10:32:24+00:00\",\"dateModified\":\"2020-01-09T10:33:45+00:00\",\"author\":{\"@id\":\"https:\\\/\\\/ambassade-vietnam.com\\\/fr\\\/#\\\/schema\\\/person\\\/27c56a808973eb2c7fc8034d1004174d\"},\"breadcrumb\":{\"@id\":\"https:\\\/\\\/ambassade-vietnam.com\\\/fr\\\/blog\\\/2020\\\/01\\\/09\\\/jean-pierre-raffarin-reunit-les-leaders-pour-la-paix-a-hanoi\\\/#breadcrumb\"},\"inLanguage\":\"fr-FR\",\"potentialAction\":[{\"@type\":\"ReadAction\",\"target\":[\"https:\\\/\\\/ambassade-vietnam.com\\\/fr\\\/blog\\\/2020\\\/01\\\/09\\\/jean-pierre-raffarin-reunit-les-leaders-pour-la-paix-a-hanoi\\\/\"]}]},{\"@type\":\"ImageObject\",\"inLanguage\":\"fr-FR\",\"@id\":\"https:\\\/\\\/ambassade-vietnam.com\\\/fr\\\/blog\\\/2020\\\/01\\\/09\\\/jean-pierre-raffarin-reunit-les-leaders-pour-la-paix-a-hanoi\\\/#primaryimage\",\"url\":\"https:\\\/\\\/ambassade-vietnam.com\\\/fr\\\/wp-content\\\/uploads\\\/sites\\\/1\\\/2020\\\/01\\\/conference_de_presse_apres_le_peace_lab.jpg\",\"contentUrl\":\"https:\\\/\\\/ambassade-vietnam.com\\\/fr\\\/wp-content\\\/uploads\\\/sites\\\/1\\\/2020\\\/01\\\/conference_de_presse_apres_le_peace_lab.jpg\",\"width\":620,\"height\":465},{\"@type\":\"BreadcrumbList\",\"@id\":\"https:\\\/\\\/ambassade-vietnam.com\\\/fr\\\/blog\\\/2020\\\/01\\\/09\\\/jean-pierre-raffarin-reunit-les-leaders-pour-la-paix-a-hanoi\\\/#breadcrumb\",\"itemListElement\":[{\"@type\":\"ListItem\",\"position\":1,\"name\":\"Home\",\"item\":\"https:\\\/\\\/ambassade-vietnam.com\\\/fr\\\/\"},{\"@type\":\"ListItem\",\"position\":2,\"name\":\"Jean-Pierre Raffarin r\u00e9unit les \u00abLeaders pour la Paix\u00bb \u00e0 Hanoi\"}]},{\"@type\":\"WebSite\",\"@id\":\"https:\\\/\\\/ambassade-vietnam.com\\\/fr\\\/#website\",\"url\":\"https:\\\/\\\/ambassade-vietnam.com\\\/fr\\\/\",\"name\":\"Ambassade de la r\u00e9publique socialiste du Vietnam en France\",\"description\":\"\",\"potentialAction\":[{\"@type\":\"SearchAction\",\"target\":{\"@type\":\"EntryPoint\",\"urlTemplate\":\"https:\\\/\\\/ambassade-vietnam.com\\\/fr\\\/?s={search_term_string}\"},\"query-input\":{\"@type\":\"PropertyValueSpecification\",\"valueRequired\":true,\"valueName\":\"search_term_string\"}}],\"inLanguage\":\"fr-FR\"},{\"@type\":\"Person\",\"@id\":\"https:\\\/\\\/ambassade-vietnam.com\\\/fr\\\/#\\\/schema\\\/person\\\/27c56a808973eb2c7fc8034d1004174d\",\"name\":\"adminbaochi\",\"image\":{\"@type\":\"ImageObject\",\"inLanguage\":\"fr-FR\",\"@id\":\"https:\\\/\\\/secure.gravatar.com\\\/avatar\\\/938c488c3aab740fe28d828bce1628575e0f8b8a17254777ffea4cd2dca2163d?s=96&d=mm&r=g\",\"url\":\"https:\\\/\\\/secure.gravatar.com\\\/avatar\\\/938c488c3aab740fe28d828bce1628575e0f8b8a17254777ffea4cd2dca2163d?s=96&d=mm&r=g\",\"contentUrl\":\"https:\\\/\\\/secure.gravatar.com\\\/avatar\\\/938c488c3aab740fe28d828bce1628575e0f8b8a17254777ffea4cd2dca2163d?s=96&d=mm&r=g\",\"caption\":\"adminbaochi\"},\"url\":\"https:\\\/\\\/ambassade-vietnam.com\\\/fr\\\/blog\\\/author\\\/adminbaochi\\\/\"}]}<\/script>\n<!-- \/ Yoast SEO plugin. -->","yoast_head_json":{"title":"Jean-Pierre Raffarin r\u00e9unit les \u00abLeaders pour la Paix\u00bb \u00e0 Hanoi - Ambassade de la r\u00e9publique socialiste du Vietnam en France","robots":{"index":"index","follow":"follow","max-snippet":"max-snippet:-1","max-image-preview":"max-image-preview:large","max-video-preview":"max-video-preview:-1"},"canonical":"https:\/\/ambassade-vietnam.com\/fr\/blog\/2020\/01\/09\/jean-pierre-raffarin-reunit-les-leaders-pour-la-paix-a-hanoi\/","og_locale":"fr_FR","og_type":"article","og_title":"Jean-Pierre Raffarin r\u00e9unit les \u00abLeaders pour la Paix\u00bb \u00e0 Hanoi - Ambassade de la r\u00e9publique socialiste du Vietnam en France","og_description":"Dans le cadre de l\u2019Universit\u00e9 itin\u00e9rante de la Paix, l\u2019organisation non gouvernementale Leaders pour la Paix, s\u2019est rendue \u00e0 Hanoi les 16 et 17 d\u00e9cembre 2019. Elle y a organis\u00e9 un atelier plac\u00e9 sous le th\u00e8me \u00abPaix et environnement\u00bb. Apr\u00e8s Abidjan, Paris, Tunis et Gen\u00e8ve, c\u2019est donc Hanoi que Leaders pour la Paix a choisi [&hellip;]","og_url":"https:\/\/ambassade-vietnam.com\/fr\/blog\/2020\/01\/09\/jean-pierre-raffarin-reunit-les-leaders-pour-la-paix-a-hanoi\/","og_site_name":"Ambassade de la r\u00e9publique socialiste du Vietnam en France","article_published_time":"2020-01-09T10:32:24+00:00","article_modified_time":"2020-01-09T10:33:45+00:00","og_image":[{"width":620,"height":465,"url":"https:\/\/ambassade-vietnam.com\/fr\/wp-content\/uploads\/sites\/1\/2020\/01\/conference_de_presse_apres_le_peace_lab.jpg","type":"image\/jpeg"}],"author":"adminbaochi","twitter_card":"summary_large_image","schema":{"@context":"https:\/\/schema.org","@graph":[{"@type":"Article","@id":"https:\/\/ambassade-vietnam.com\/fr\/blog\/2020\/01\/09\/jean-pierre-raffarin-reunit-les-leaders-pour-la-paix-a-hanoi\/#article","isPartOf":{"@id":"https:\/\/ambassade-vietnam.com\/fr\/blog\/2020\/01\/09\/jean-pierre-raffarin-reunit-les-leaders-pour-la-paix-a-hanoi\/"},"author":{"name":"adminbaochi","@id":"https:\/\/ambassade-vietnam.com\/fr\/#\/schema\/person\/27c56a808973eb2c7fc8034d1004174d"},"headline":"Jean-Pierre Raffarin r\u00e9unit les \u00abLeaders pour la Paix\u00bb \u00e0 Hanoi","datePublished":"2020-01-09T10:32:24+00:00","dateModified":"2020-01-09T10:33:45+00:00","mainEntityOfPage":{"@id":"https:\/\/ambassade-vietnam.com\/fr\/blog\/2020\/01\/09\/jean-pierre-raffarin-reunit-les-leaders-pour-la-paix-a-hanoi\/"},"wordCount":866,"image":{"@id":"https:\/\/ambassade-vietnam.com\/fr\/blog\/2020\/01\/09\/jean-pierre-raffarin-reunit-les-leaders-pour-la-paix-a-hanoi\/#primaryimage"},"thumbnailUrl":"https:\/\/ambassade-vietnam.com\/fr\/wp-content\/uploads\/sites\/1\/2020\/01\/conference_de_presse_apres_le_peace_lab.jpg","articleSection":["Actualit\u00e9s"],"inLanguage":"fr-FR"},{"@type":"WebPage","@id":"https:\/\/ambassade-vietnam.com\/fr\/blog\/2020\/01\/09\/jean-pierre-raffarin-reunit-les-leaders-pour-la-paix-a-hanoi\/","url":"https:\/\/ambassade-vietnam.com\/fr\/blog\/2020\/01\/09\/jean-pierre-raffarin-reunit-les-leaders-pour-la-paix-a-hanoi\/","name":"Jean-Pierre Raffarin r\u00e9unit les \u00abLeaders pour la Paix\u00bb \u00e0 Hanoi - Ambassade de la r\u00e9publique socialiste du Vietnam en France","isPartOf":{"@id":"https:\/\/ambassade-vietnam.com\/fr\/#website"},"primaryImageOfPage":{"@id":"https:\/\/ambassade-vietnam.com\/fr\/blog\/2020\/01\/09\/jean-pierre-raffarin-reunit-les-leaders-pour-la-paix-a-hanoi\/#primaryimage"},"image":{"@id":"https:\/\/ambassade-vietnam.com\/fr\/blog\/2020\/01\/09\/jean-pierre-raffarin-reunit-les-leaders-pour-la-paix-a-hanoi\/#primaryimage"},"thumbnailUrl":"https:\/\/ambassade-vietnam.com\/fr\/wp-content\/uploads\/sites\/1\/2020\/01\/conference_de_presse_apres_le_peace_lab.jpg","datePublished":"2020-01-09T10:32:24+00:00","dateModified":"2020-01-09T10:33:45+00:00","author":{"@id":"https:\/\/ambassade-vietnam.com\/fr\/#\/schema\/person\/27c56a808973eb2c7fc8034d1004174d"},"breadcrumb":{"@id":"https:\/\/ambassade-vietnam.com\/fr\/blog\/2020\/01\/09\/jean-pierre-raffarin-reunit-les-leaders-pour-la-paix-a-hanoi\/#breadcrumb"},"inLanguage":"fr-FR","potentialAction":[{"@type":"ReadAction","target":["https:\/\/ambassade-vietnam.com\/fr\/blog\/2020\/01\/09\/jean-pierre-raffarin-reunit-les-leaders-pour-la-paix-a-hanoi\/"]}]},{"@type":"ImageObject","inLanguage":"fr-FR","@id":"https:\/\/ambassade-vietnam.com\/fr\/blog\/2020\/01\/09\/jean-pierre-raffarin-reunit-les-leaders-pour-la-paix-a-hanoi\/#primaryimage","url":"https:\/\/ambassade-vietnam.com\/fr\/wp-content\/uploads\/sites\/1\/2020\/01\/conference_de_presse_apres_le_peace_lab.jpg","contentUrl":"https:\/\/ambassade-vietnam.com\/fr\/wp-content\/uploads\/sites\/1\/2020\/01\/conference_de_presse_apres_le_peace_lab.jpg","width":620,"height":465},{"@type":"BreadcrumbList","@id":"https:\/\/ambassade-vietnam.com\/fr\/blog\/2020\/01\/09\/jean-pierre-raffarin-reunit-les-leaders-pour-la-paix-a-hanoi\/#breadcrumb","itemListElement":[{"@type":"ListItem","position":1,"name":"Home","item":"https:\/\/ambassade-vietnam.com\/fr\/"},{"@type":"ListItem","position":2,"name":"Jean-Pierre Raffarin r\u00e9unit les \u00abLeaders pour la Paix\u00bb \u00e0 Hanoi"}]},{"@type":"WebSite","@id":"https:\/\/ambassade-vietnam.com\/fr\/#website","url":"https:\/\/ambassade-vietnam.com\/fr\/","name":"Ambassade de la r\u00e9publique socialiste du Vietnam en France","description":"","potentialAction":[{"@type":"SearchAction","target":{"@type":"EntryPoint","urlTemplate":"https:\/\/ambassade-vietnam.com\/fr\/?s={search_term_string}"},"query-input":{"@type":"PropertyValueSpecification","valueRequired":true,"valueName":"search_term_string"}}],"inLanguage":"fr-FR"},{"@type":"Person","@id":"https:\/\/ambassade-vietnam.com\/fr\/#\/schema\/person\/27c56a808973eb2c7fc8034d1004174d","name":"adminbaochi","image":{"@type":"ImageObject","inLanguage":"fr-FR","@id":"https:\/\/secure.gravatar.com\/avatar\/938c488c3aab740fe28d828bce1628575e0f8b8a17254777ffea4cd2dca2163d?s=96&d=mm&r=g","url":"https:\/\/secure.gravatar.com\/avatar\/938c488c3aab740fe28d828bce1628575e0f8b8a17254777ffea4cd2dca2163d?s=96&d=mm&r=g","contentUrl":"https:\/\/secure.gravatar.com\/avatar\/938c488c3aab740fe28d828bce1628575e0f8b8a17254777ffea4cd2dca2163d?s=96&d=mm&r=g","caption":"adminbaochi"},"url":"https:\/\/ambassade-vietnam.com\/fr\/blog\/author\/adminbaochi\/"}]}},"_links":{"self":[{"href":"https:\/\/ambassade-vietnam.com\/fr\/wp-json\/wp\/v2\/posts\/700","targetHints":{"allow":["GET"]}}],"collection":[{"href":"https:\/\/ambassade-vietnam.com\/fr\/wp-json\/wp\/v2\/posts"}],"about":[{"href":"https:\/\/ambassade-vietnam.com\/fr\/wp-json\/wp\/v2\/types\/post"}],"author":[{"embeddable":true,"href":"https:\/\/ambassade-vietnam.com\/fr\/wp-json\/wp\/v2\/users\/1420"}],"replies":[{"embeddable":true,"href":"https:\/\/ambassade-vietnam.com\/fr\/wp-json\/wp\/v2\/comments?post=700"}],"version-history":[{"count":2,"href":"https:\/\/ambassade-vietnam.com\/fr\/wp-json\/wp\/v2\/posts\/700\/revisions"}],"predecessor-version":[{"id":703,"href":"https:\/\/ambassade-vietnam.com\/fr\/wp-json\/wp\/v2\/posts\/700\/revisions\/703"}],"wp:featuredmedia":[{"embeddable":true,"href":"https:\/\/ambassade-vietnam.com\/fr\/wp-json\/wp\/v2\/media\/701"}],"wp:attachment":[{"href":"https:\/\/ambassade-vietnam.com\/fr\/wp-json\/wp\/v2\/media?parent=700"}],"wp:term":[{"taxonomy":"category","embeddable":true,"href":"https:\/\/ambassade-vietnam.com\/fr\/wp-json\/wp\/v2\/categories?post=700"},{"taxonomy":"post_tag","embeddable":true,"href":"https:\/\/ambassade-vietnam.com\/fr\/wp-json\/wp\/v2\/tags?post=700"}],"curies":[{"name":"wp","href":"https:\/\/api.w.org\/{rel}","templated":true}]}}