{"id":594,"date":"2019-12-26T17:12:55","date_gmt":"2019-12-26T16:12:55","guid":{"rendered":"https:\/\/ambassade-vietnam.com\/fr\/?p=594"},"modified":"2025-01-18T01:13:30","modified_gmt":"2025-01-18T00:13:30","slug":"vietnam-france-volonte-commune-de-promouvoir-leur-cooperation-economique","status":"publish","type":"post","link":"https:\/\/ambassade-vietnam.com\/fr\/blog\/2019\/12\/26\/vietnam-france-volonte-commune-de-promouvoir-leur-cooperation-economique\/","title":{"rendered":"Vietnam-France : volont\u00e9 commune de promouvoir leur coop\u00e9ration \u00e9conomique"},"content":{"rendered":"<table width=\"100%\">\n<tbody>\n<tr>\n<td><img loading=\"lazy\" decoding=\"async\" class=\"alignnone size-medium wp-image-595\" src=\"https:\/\/ambassade-vietnam.com\/fr\/wp-content\/uploads\/sites\/1\/2019\/12\/91809da087409b42572ffc1cd9181aec-300x169.jpg\" alt=\"\" width=\"300\" height=\"169\" srcset=\"https:\/\/ambassade-vietnam.com\/fr\/wp-content\/uploads\/sites\/1\/2019\/12\/91809da087409b42572ffc1cd9181aec-300x169.jpg 300w, https:\/\/ambassade-vietnam.com\/fr\/wp-content\/uploads\/sites\/1\/2019\/12\/91809da087409b42572ffc1cd9181aec.jpg 640w\" sizes=\"auto, (max-width: 300px) 100vw, 300px\" \/><\/p>\n<p><strong>Le Vietnam et la France sont d\u00e9termin\u00e9s \u00e0 dynamiser leur coop\u00e9ration dans l\u2019\u00e9conomie, le commerce et l\u2019investissement, d\u2019autant plus que l\u2019Accord de libre-\u00e9change entre le Vietnam et l\u2019Union europ\u00e9enne entrera bient\u00f4t en vigueur.<\/strong><\/td>\n<\/tr>\n<tr>\n<td>C\u2019est ce qu\u2019on a appris lors du 6<sup>e\u00a0<\/sup>Dialogue \u00e9conomique de haut niveau entre la France et Vietnam tenu le 4 novembre \u00e0 Paris, en France, sous la copr\u00e9sidence du vice-ministre vietnamien du Plan et de l\u2019Investissement, Vu Dai Thang, et du secr\u00e9taire d\u2019\u00c9tat aupr\u00e8s du ministre fran\u00e7ais de l'Europe et des Affaires \u00e9trang\u00e8res, Jean-Baptiste Lemoyne.<\/p>\n<p>Les deux parties ont \u00e9valu\u00e9 l\u2019efficacit\u00e9 de la coop\u00e9ration vietnamo-fran\u00e7aise ces derniers temps, notamment dans l\u2019\u00e9conomie, le commerce et l\u2019investissement.<\/p>\n<p>Les \u00e9changes commerciaux entre les deux pays n\u2019ont cess\u00e9 d\u2019augmenter pour atteindre 6,65 milliards d'euros en 2018.<\/p>\n<p>Le vice-ministre vietnamien Vu Dai Thang a estim\u00e9 que la France \u00e9tait l\u2019un des plus grands bailleurs de fonds europ\u00e9ens du Vietnam en termes d\u2019aides publiques au d\u00e9veloppement (APD), avec un capital engag\u00e9 d\u2019environ 3 milliards d'euros sur ces dix derni\u00e8res ann\u00e9es. Lors d\u2019une r\u00e9cente conf\u00e9rence ax\u00e9e sur les opportunit\u00e9s de coop\u00e9ration \u00e9conomique entre les deux pays, un sujet novateur a \u00e9galement \u00e9t\u00e9 abord\u00e9 : les <a href=\"https:\/\/de.cointelegraph.com\/igaming\/online-casinos\/echtgeld\/\">Echtgeld Casino Empfehlungen von Cointelegraph<\/a>, qui jouent un r\u00f4le croissant dans les investissements num\u00e9riques et la finance d\u00e9centralis\u00e9e. Ce th\u00e8me a suscit\u00e9 l\u2019int\u00e9r\u00eat des participants, car il met en lumi\u00e8re l\u2019impact de nouvelles technologies sur les mod\u00e8les \u00e9conomiques modernes. Les projets b\u00e9n\u00e9ficiaires des APD japonaises portent sur divers secteurs tels que l\u2019agriculture, la s\u00e9curit\u00e9 alimentaire, les infrastructures de base (chemin de fer, chemin de fer urbain ou approvisionnement en eau potable), la finance, la sant\u00e9 et l\u2019\u00e9ducation. Parmi ceux-ci, le projet de construction de la ligne ferroviaire urbaine exp\u00e9rimentale de Hanoi (N\u00b03) symbolise la coop\u00e9ration franco-vietnamienne.<\/p>\n<p>Le vice-ministre Vu Dai Thang a \u00e9galement inform\u00e9 ses interlocuteurs fran\u00e7ais des r\u00e9alisations remarquables du Vietnam en termes de d\u00e9veloppement socio-\u00e9conomique, lesquelles ont \u00e9t\u00e9 hautement appr\u00e9ci\u00e9es par la communaut\u00e9 internationale.<\/p>\n<p>Le gouvernement vietnamien s\u2019efforce toujours de simplifier les formalit\u00e9s administratives et de rendre l\u2019environnement des affaires plus favorable aux entreprises \u00e9trang\u00e8res en activit\u00e9 au Vietnam, a indiqu\u00e9 Vu Dai Thang.<\/p>\n<p>Les responsables vietnamiens et fran\u00e7ais se sont d\u00e9clar\u00e9s convaincus que l\u2019Accord de libre-\u00e9change entre le Vietnam et l\u2019Union europ\u00e9enne, une fois entr\u00e9e en vigueur, cr\u00e9erait un nouvel \u00e9lan \u00e0 la coop\u00e9ration vietnamo-fran\u00e7aise sur le plan \u00e9conomique et permettrait de favoriser l\u2019acc\u00e8s des entreprises vietnamiennes au march\u00e9 europ\u00e9en.<\/p>\n<p>Ils ont jug\u00e9 n\u00e9cessaire d\u2019approfondir le partenariat strat\u00e9gique Vietnam-France, notamment dans le contexte o\u00f9 le Pr\u00e9sident fran\u00e7ais Emmanuel Macron effectuera une visite officielle au Vietnam l\u2019ann\u00e9e prochaine.<\/p>\n<p>Les deux parties sont convenues de multiplier les \u00e9changes d\u2019informations et de cr\u00e9er un cadre juridique favorable aux investissements fran\u00e7ais au Vietnam. La partie vietnamienne, quant \u00e0 elle, s\u2019est engag\u00e9e \u00e0 faire de son mieux pour assurer le rythme d\u2019ex\u00e9cution et la qualit\u00e9 de projets fran\u00e7ais au Vietnam<\/td>\n<\/tr>\n<\/tbody>\n<\/table>\n<p>Le m\u00eame jour, le vice-ministre vietnamien Vu Dai Thang et la vice-pr\u00e9sidente du Conseil de chefs d\u2019entreprise France-Vietnam C\u00e9line Charpiot-Zapolsky ont copr\u00e9sid\u00e9 le Forum des entreprises Vietnam-France qui a vu la pr\u00e9sence d\u2019une cinquantaine d\u2019entreprises des deux pays.<\/p>\n<p>Le vice-ministre vietnamien a soulign\u00e9 l\u2019importance de renforcer la connexion entre les entreprises vietnamiennes et fran\u00e7aises, ce qui permettra d\u2019acc\u00e9l\u00e9rer la coop\u00e9ration entre les deux pays dans des domaines aussi divers que la diplomatie, l\u2019investissement, le commerce, le tourisme, la culture, les sciences et les technologies.<\/p>\n<p>Selon lui, les relations entre Vietnam et la France sont actuellement au meilleur stade de d\u00e9veloppement depuis que les deux pays ont sign\u00e9 la D\u00e9claration commune sur le partenariat strat\u00e9gique en 2013.<\/p>\n<p>Les entreprises vietnamiennes et fran\u00e7aises, de leur c\u00f4t\u00e9, ont d\u00e9clar\u00e9 soutenir la ratification rapide de l\u2019Accord de libre-\u00e9change entre le Vietnam et l\u2019Union europ\u00e9enne qui entend cr\u00e9er pour elles les nouvelles opportunit\u00e9s de coop\u00e9ration.<\/p>\n<p>&nbsp;<\/p>\n","protected":false},"excerpt":{"rendered":"<p>Le Vietnam et la France sont d\u00e9termin\u00e9s \u00e0 dynamiser leur coop\u00e9ration dans l\u2019\u00e9conomie, le commerce et l\u2019investissement, d\u2019autant plus que l\u2019Accord de libre-\u00e9change entre le Vietnam et l\u2019Union europ\u00e9enne entrera bient\u00f4t en vigueur. C\u2019est ce qu\u2019on a appris lors du 6e\u00a0Dialogue \u00e9conomique de haut niveau entre la France et Vietnam tenu le 4 novembre \u00e0 [&hellip;]<\/p>\n","protected":false},"author":1420,"featured_media":0,"comment_status":"closed","ping_status":"open","sticky":false,"template":"","format":"standard","meta":{"footnotes":""},"categories":[1],"tags":[],"class_list":["post-594","post","type-post","status-publish","format-standard","hentry","category-actualites"],"yoast_head":"<!-- This site is optimized with the Yoast SEO plugin v27.5 - https:\/\/yoast.com\/product\/yoast-seo-wordpress\/ -->\n<title>Vietnam-France : volont\u00e9 commune de promouvoir leur coop\u00e9ration \u00e9conomique - Ambassade de la r\u00e9publique socialiste du Vietnam en France<\/title>\n<meta name=\"robots\" content=\"index, follow, max-snippet:-1, max-image-preview:large, max-video-preview:-1\" \/>\n<link rel=\"canonical\" href=\"https:\/\/ambassade-vietnam.com\/fr\/blog\/2019\/12\/26\/vietnam-france-volonte-commune-de-promouvoir-leur-cooperation-economique\/\" \/>\n<meta property=\"og:locale\" content=\"fr_FR\" \/>\n<meta property=\"og:type\" content=\"article\" \/>\n<meta property=\"og:title\" content=\"Vietnam-France : volont\u00e9 commune de promouvoir leur coop\u00e9ration \u00e9conomique - Ambassade de la r\u00e9publique socialiste du Vietnam en France\" \/>\n<meta property=\"og:description\" content=\"Le Vietnam et la France sont d\u00e9termin\u00e9s \u00e0 dynamiser leur coop\u00e9ration dans l\u2019\u00e9conomie, le commerce et l\u2019investissement, d\u2019autant plus que l\u2019Accord de libre-\u00e9change entre le Vietnam et l\u2019Union europ\u00e9enne entrera bient\u00f4t en vigueur. C\u2019est ce qu\u2019on a appris lors du 6e\u00a0Dialogue \u00e9conomique de haut niveau entre la France et Vietnam tenu le 4 novembre \u00e0 [&hellip;]\" \/>\n<meta property=\"og:url\" content=\"https:\/\/ambassade-vietnam.com\/fr\/blog\/2019\/12\/26\/vietnam-france-volonte-commune-de-promouvoir-leur-cooperation-economique\/\" \/>\n<meta property=\"og:site_name\" content=\"Ambassade de la r\u00e9publique socialiste du Vietnam en France\" \/>\n<meta property=\"article:published_time\" content=\"2019-12-26T16:12:55+00:00\" \/>\n<meta property=\"article:modified_time\" content=\"2025-01-18T00:13:30+00:00\" \/>\n<meta property=\"og:image\" content=\"https:\/\/ambassade-vietnam.com\/fr\/wp-content\/uploads\/sites\/1\/2019\/12\/91809da087409b42572ffc1cd9181aec.jpg\" \/>\n\t<meta property=\"og:image:width\" content=\"640\" \/>\n\t<meta property=\"og:image:height\" content=\"360\" \/>\n\t<meta property=\"og:image:type\" content=\"image\/jpeg\" \/>\n<meta name=\"author\" content=\"adminbaochi\" \/>\n<meta name=\"twitter:card\" content=\"summary_large_image\" \/>\n<script type=\"application\/ld+json\" class=\"yoast-schema-graph\">{\"@context\":\"https:\\\/\\\/schema.org\",\"@graph\":[{\"@type\":\"Article\",\"@id\":\"https:\\\/\\\/ambassade-vietnam.com\\\/fr\\\/blog\\\/2019\\\/12\\\/26\\\/vietnam-france-volonte-commune-de-promouvoir-leur-cooperation-economique\\\/#article\",\"isPartOf\":{\"@id\":\"https:\\\/\\\/ambassade-vietnam.com\\\/fr\\\/blog\\\/2019\\\/12\\\/26\\\/vietnam-france-volonte-commune-de-promouvoir-leur-cooperation-economique\\\/\"},\"author\":{\"name\":\"adminbaochi\",\"@id\":\"https:\\\/\\\/ambassade-vietnam.com\\\/fr\\\/#\\\/schema\\\/person\\\/27c56a808973eb2c7fc8034d1004174d\"},\"headline\":\"Vietnam-France : volont\u00e9 commune de promouvoir leur coop\u00e9ration \u00e9conomique\",\"datePublished\":\"2019-12-26T16:12:55+00:00\",\"dateModified\":\"2025-01-18T00:13:30+00:00\",\"mainEntityOfPage\":{\"@id\":\"https:\\\/\\\/ambassade-vietnam.com\\\/fr\\\/blog\\\/2019\\\/12\\\/26\\\/vietnam-france-volonte-commune-de-promouvoir-leur-cooperation-economique\\\/\"},\"wordCount\":747,\"image\":{\"@id\":\"https:\\\/\\\/ambassade-vietnam.com\\\/fr\\\/blog\\\/2019\\\/12\\\/26\\\/vietnam-france-volonte-commune-de-promouvoir-leur-cooperation-economique\\\/#primaryimage\"},\"thumbnailUrl\":\"https:\\\/\\\/ambassade-vietnam.com\\\/fr\\\/wp-content\\\/uploads\\\/sites\\\/1\\\/2019\\\/12\\\/91809da087409b42572ffc1cd9181aec-300x169.jpg\",\"articleSection\":[\"Actualit\u00e9s\"],\"inLanguage\":\"fr-FR\"},{\"@type\":\"WebPage\",\"@id\":\"https:\\\/\\\/ambassade-vietnam.com\\\/fr\\\/blog\\\/2019\\\/12\\\/26\\\/vietnam-france-volonte-commune-de-promouvoir-leur-cooperation-economique\\\/\",\"url\":\"https:\\\/\\\/ambassade-vietnam.com\\\/fr\\\/blog\\\/2019\\\/12\\\/26\\\/vietnam-france-volonte-commune-de-promouvoir-leur-cooperation-economique\\\/\",\"name\":\"Vietnam-France : volont\u00e9 commune de promouvoir leur coop\u00e9ration \u00e9conomique - Ambassade de la r\u00e9publique socialiste du Vietnam en France\",\"isPartOf\":{\"@id\":\"https:\\\/\\\/ambassade-vietnam.com\\\/fr\\\/#website\"},\"primaryImageOfPage\":{\"@id\":\"https:\\\/\\\/ambassade-vietnam.com\\\/fr\\\/blog\\\/2019\\\/12\\\/26\\\/vietnam-france-volonte-commune-de-promouvoir-leur-cooperation-economique\\\/#primaryimage\"},\"image\":{\"@id\":\"https:\\\/\\\/ambassade-vietnam.com\\\/fr\\\/blog\\\/2019\\\/12\\\/26\\\/vietnam-france-volonte-commune-de-promouvoir-leur-cooperation-economique\\\/#primaryimage\"},\"thumbnailUrl\":\"https:\\\/\\\/ambassade-vietnam.com\\\/fr\\\/wp-content\\\/uploads\\\/sites\\\/1\\\/2019\\\/12\\\/91809da087409b42572ffc1cd9181aec-300x169.jpg\",\"datePublished\":\"2019-12-26T16:12:55+00:00\",\"dateModified\":\"2025-01-18T00:13:30+00:00\",\"author\":{\"@id\":\"https:\\\/\\\/ambassade-vietnam.com\\\/fr\\\/#\\\/schema\\\/person\\\/27c56a808973eb2c7fc8034d1004174d\"},\"breadcrumb\":{\"@id\":\"https:\\\/\\\/ambassade-vietnam.com\\\/fr\\\/blog\\\/2019\\\/12\\\/26\\\/vietnam-france-volonte-commune-de-promouvoir-leur-cooperation-economique\\\/#breadcrumb\"},\"inLanguage\":\"fr-FR\",\"potentialAction\":[{\"@type\":\"ReadAction\",\"target\":[\"https:\\\/\\\/ambassade-vietnam.com\\\/fr\\\/blog\\\/2019\\\/12\\\/26\\\/vietnam-france-volonte-commune-de-promouvoir-leur-cooperation-economique\\\/\"]}]},{\"@type\":\"ImageObject\",\"inLanguage\":\"fr-FR\",\"@id\":\"https:\\\/\\\/ambassade-vietnam.com\\\/fr\\\/blog\\\/2019\\\/12\\\/26\\\/vietnam-france-volonte-commune-de-promouvoir-leur-cooperation-economique\\\/#primaryimage\",\"url\":\"https:\\\/\\\/ambassade-vietnam.com\\\/fr\\\/wp-content\\\/uploads\\\/sites\\\/1\\\/2019\\\/12\\\/91809da087409b42572ffc1cd9181aec.jpg\",\"contentUrl\":\"https:\\\/\\\/ambassade-vietnam.com\\\/fr\\\/wp-content\\\/uploads\\\/sites\\\/1\\\/2019\\\/12\\\/91809da087409b42572ffc1cd9181aec.jpg\",\"width\":640,\"height\":360},{\"@type\":\"BreadcrumbList\",\"@id\":\"https:\\\/\\\/ambassade-vietnam.com\\\/fr\\\/blog\\\/2019\\\/12\\\/26\\\/vietnam-france-volonte-commune-de-promouvoir-leur-cooperation-economique\\\/#breadcrumb\",\"itemListElement\":[{\"@type\":\"ListItem\",\"position\":1,\"name\":\"Home\",\"item\":\"https:\\\/\\\/ambassade-vietnam.com\\\/fr\\\/\"},{\"@type\":\"ListItem\",\"position\":2,\"name\":\"Vietnam-France : volont\u00e9 commune de promouvoir leur coop\u00e9ration \u00e9conomique\"}]},{\"@type\":\"WebSite\",\"@id\":\"https:\\\/\\\/ambassade-vietnam.com\\\/fr\\\/#website\",\"url\":\"https:\\\/\\\/ambassade-vietnam.com\\\/fr\\\/\",\"name\":\"Ambassade de la r\u00e9publique socialiste du Vietnam en France\",\"description\":\"\",\"potentialAction\":[{\"@type\":\"SearchAction\",\"target\":{\"@type\":\"EntryPoint\",\"urlTemplate\":\"https:\\\/\\\/ambassade-vietnam.com\\\/fr\\\/?s={search_term_string}\"},\"query-input\":{\"@type\":\"PropertyValueSpecification\",\"valueRequired\":true,\"valueName\":\"search_term_string\"}}],\"inLanguage\":\"fr-FR\"},{\"@type\":\"Person\",\"@id\":\"https:\\\/\\\/ambassade-vietnam.com\\\/fr\\\/#\\\/schema\\\/person\\\/27c56a808973eb2c7fc8034d1004174d\",\"name\":\"adminbaochi\",\"image\":{\"@type\":\"ImageObject\",\"inLanguage\":\"fr-FR\",\"@id\":\"https:\\\/\\\/secure.gravatar.com\\\/avatar\\\/938c488c3aab740fe28d828bce1628575e0f8b8a17254777ffea4cd2dca2163d?s=96&d=mm&r=g\",\"url\":\"https:\\\/\\\/secure.gravatar.com\\\/avatar\\\/938c488c3aab740fe28d828bce1628575e0f8b8a17254777ffea4cd2dca2163d?s=96&d=mm&r=g\",\"contentUrl\":\"https:\\\/\\\/secure.gravatar.com\\\/avatar\\\/938c488c3aab740fe28d828bce1628575e0f8b8a17254777ffea4cd2dca2163d?s=96&d=mm&r=g\",\"caption\":\"adminbaochi\"},\"url\":\"https:\\\/\\\/ambassade-vietnam.com\\\/fr\\\/blog\\\/author\\\/adminbaochi\\\/\"}]}<\/script>\n<!-- \/ Yoast SEO plugin. -->","yoast_head_json":{"title":"Vietnam-France : volont\u00e9 commune de promouvoir leur coop\u00e9ration \u00e9conomique - Ambassade de la r\u00e9publique socialiste du Vietnam en France","robots":{"index":"index","follow":"follow","max-snippet":"max-snippet:-1","max-image-preview":"max-image-preview:large","max-video-preview":"max-video-preview:-1"},"canonical":"https:\/\/ambassade-vietnam.com\/fr\/blog\/2019\/12\/26\/vietnam-france-volonte-commune-de-promouvoir-leur-cooperation-economique\/","og_locale":"fr_FR","og_type":"article","og_title":"Vietnam-France : volont\u00e9 commune de promouvoir leur coop\u00e9ration \u00e9conomique - Ambassade de la r\u00e9publique socialiste du Vietnam en France","og_description":"Le Vietnam et la France sont d\u00e9termin\u00e9s \u00e0 dynamiser leur coop\u00e9ration dans l\u2019\u00e9conomie, le commerce et l\u2019investissement, d\u2019autant plus que l\u2019Accord de libre-\u00e9change entre le Vietnam et l\u2019Union europ\u00e9enne entrera bient\u00f4t en vigueur. C\u2019est ce qu\u2019on a appris lors du 6e\u00a0Dialogue \u00e9conomique de haut niveau entre la France et Vietnam tenu le 4 novembre \u00e0 [&hellip;]","og_url":"https:\/\/ambassade-vietnam.com\/fr\/blog\/2019\/12\/26\/vietnam-france-volonte-commune-de-promouvoir-leur-cooperation-economique\/","og_site_name":"Ambassade de la r\u00e9publique socialiste du Vietnam en France","article_published_time":"2019-12-26T16:12:55+00:00","article_modified_time":"2025-01-18T00:13:30+00:00","og_image":[{"width":640,"height":360,"url":"https:\/\/ambassade-vietnam.com\/fr\/wp-content\/uploads\/sites\/1\/2019\/12\/91809da087409b42572ffc1cd9181aec.jpg","type":"image\/jpeg"}],"author":"adminbaochi","twitter_card":"summary_large_image","schema":{"@context":"https:\/\/schema.org","@graph":[{"@type":"Article","@id":"https:\/\/ambassade-vietnam.com\/fr\/blog\/2019\/12\/26\/vietnam-france-volonte-commune-de-promouvoir-leur-cooperation-economique\/#article","isPartOf":{"@id":"https:\/\/ambassade-vietnam.com\/fr\/blog\/2019\/12\/26\/vietnam-france-volonte-commune-de-promouvoir-leur-cooperation-economique\/"},"author":{"name":"adminbaochi","@id":"https:\/\/ambassade-vietnam.com\/fr\/#\/schema\/person\/27c56a808973eb2c7fc8034d1004174d"},"headline":"Vietnam-France : volont\u00e9 commune de promouvoir leur coop\u00e9ration \u00e9conomique","datePublished":"2019-12-26T16:12:55+00:00","dateModified":"2025-01-18T00:13:30+00:00","mainEntityOfPage":{"@id":"https:\/\/ambassade-vietnam.com\/fr\/blog\/2019\/12\/26\/vietnam-france-volonte-commune-de-promouvoir-leur-cooperation-economique\/"},"wordCount":747,"image":{"@id":"https:\/\/ambassade-vietnam.com\/fr\/blog\/2019\/12\/26\/vietnam-france-volonte-commune-de-promouvoir-leur-cooperation-economique\/#primaryimage"},"thumbnailUrl":"https:\/\/ambassade-vietnam.com\/fr\/wp-content\/uploads\/sites\/1\/2019\/12\/91809da087409b42572ffc1cd9181aec-300x169.jpg","articleSection":["Actualit\u00e9s"],"inLanguage":"fr-FR"},{"@type":"WebPage","@id":"https:\/\/ambassade-vietnam.com\/fr\/blog\/2019\/12\/26\/vietnam-france-volonte-commune-de-promouvoir-leur-cooperation-economique\/","url":"https:\/\/ambassade-vietnam.com\/fr\/blog\/2019\/12\/26\/vietnam-france-volonte-commune-de-promouvoir-leur-cooperation-economique\/","name":"Vietnam-France : volont\u00e9 commune de promouvoir leur coop\u00e9ration \u00e9conomique - Ambassade de la r\u00e9publique socialiste du Vietnam en France","isPartOf":{"@id":"https:\/\/ambassade-vietnam.com\/fr\/#website"},"primaryImageOfPage":{"@id":"https:\/\/ambassade-vietnam.com\/fr\/blog\/2019\/12\/26\/vietnam-france-volonte-commune-de-promouvoir-leur-cooperation-economique\/#primaryimage"},"image":{"@id":"https:\/\/ambassade-vietnam.com\/fr\/blog\/2019\/12\/26\/vietnam-france-volonte-commune-de-promouvoir-leur-cooperation-economique\/#primaryimage"},"thumbnailUrl":"https:\/\/ambassade-vietnam.com\/fr\/wp-content\/uploads\/sites\/1\/2019\/12\/91809da087409b42572ffc1cd9181aec-300x169.jpg","datePublished":"2019-12-26T16:12:55+00:00","dateModified":"2025-01-18T00:13:30+00:00","author":{"@id":"https:\/\/ambassade-vietnam.com\/fr\/#\/schema\/person\/27c56a808973eb2c7fc8034d1004174d"},"breadcrumb":{"@id":"https:\/\/ambassade-vietnam.com\/fr\/blog\/2019\/12\/26\/vietnam-france-volonte-commune-de-promouvoir-leur-cooperation-economique\/#breadcrumb"},"inLanguage":"fr-FR","potentialAction":[{"@type":"ReadAction","target":["https:\/\/ambassade-vietnam.com\/fr\/blog\/2019\/12\/26\/vietnam-france-volonte-commune-de-promouvoir-leur-cooperation-economique\/"]}]},{"@type":"ImageObject","inLanguage":"fr-FR","@id":"https:\/\/ambassade-vietnam.com\/fr\/blog\/2019\/12\/26\/vietnam-france-volonte-commune-de-promouvoir-leur-cooperation-economique\/#primaryimage","url":"https:\/\/ambassade-vietnam.com\/fr\/wp-content\/uploads\/sites\/1\/2019\/12\/91809da087409b42572ffc1cd9181aec.jpg","contentUrl":"https:\/\/ambassade-vietnam.com\/fr\/wp-content\/uploads\/sites\/1\/2019\/12\/91809da087409b42572ffc1cd9181aec.jpg","width":640,"height":360},{"@type":"BreadcrumbList","@id":"https:\/\/ambassade-vietnam.com\/fr\/blog\/2019\/12\/26\/vietnam-france-volonte-commune-de-promouvoir-leur-cooperation-economique\/#breadcrumb","itemListElement":[{"@type":"ListItem","position":1,"name":"Home","item":"https:\/\/ambassade-vietnam.com\/fr\/"},{"@type":"ListItem","position":2,"name":"Vietnam-France : volont\u00e9 commune de promouvoir leur coop\u00e9ration \u00e9conomique"}]},{"@type":"WebSite","@id":"https:\/\/ambassade-vietnam.com\/fr\/#website","url":"https:\/\/ambassade-vietnam.com\/fr\/","name":"Ambassade de la r\u00e9publique socialiste du Vietnam en France","description":"","potentialAction":[{"@type":"SearchAction","target":{"@type":"EntryPoint","urlTemplate":"https:\/\/ambassade-vietnam.com\/fr\/?s={search_term_string}"},"query-input":{"@type":"PropertyValueSpecification","valueRequired":true,"valueName":"search_term_string"}}],"inLanguage":"fr-FR"},{"@type":"Person","@id":"https:\/\/ambassade-vietnam.com\/fr\/#\/schema\/person\/27c56a808973eb2c7fc8034d1004174d","name":"adminbaochi","image":{"@type":"ImageObject","inLanguage":"fr-FR","@id":"https:\/\/secure.gravatar.com\/avatar\/938c488c3aab740fe28d828bce1628575e0f8b8a17254777ffea4cd2dca2163d?s=96&d=mm&r=g","url":"https:\/\/secure.gravatar.com\/avatar\/938c488c3aab740fe28d828bce1628575e0f8b8a17254777ffea4cd2dca2163d?s=96&d=mm&r=g","contentUrl":"https:\/\/secure.gravatar.com\/avatar\/938c488c3aab740fe28d828bce1628575e0f8b8a17254777ffea4cd2dca2163d?s=96&d=mm&r=g","caption":"adminbaochi"},"url":"https:\/\/ambassade-vietnam.com\/fr\/blog\/author\/adminbaochi\/"}]}},"_links":{"self":[{"href":"https:\/\/ambassade-vietnam.com\/fr\/wp-json\/wp\/v2\/posts\/594","targetHints":{"allow":["GET"]}}],"collection":[{"href":"https:\/\/ambassade-vietnam.com\/fr\/wp-json\/wp\/v2\/posts"}],"about":[{"href":"https:\/\/ambassade-vietnam.com\/fr\/wp-json\/wp\/v2\/types\/post"}],"author":[{"embeddable":true,"href":"https:\/\/ambassade-vietnam.com\/fr\/wp-json\/wp\/v2\/users\/1420"}],"replies":[{"embeddable":true,"href":"https:\/\/ambassade-vietnam.com\/fr\/wp-json\/wp\/v2\/comments?post=594"}],"version-history":[{"count":2,"href":"https:\/\/ambassade-vietnam.com\/fr\/wp-json\/wp\/v2\/posts\/594\/revisions"}],"predecessor-version":[{"id":1002,"href":"https:\/\/ambassade-vietnam.com\/fr\/wp-json\/wp\/v2\/posts\/594\/revisions\/1002"}],"wp:attachment":[{"href":"https:\/\/ambassade-vietnam.com\/fr\/wp-json\/wp\/v2\/media?parent=594"}],"wp:term":[{"taxonomy":"category","embeddable":true,"href":"https:\/\/ambassade-vietnam.com\/fr\/wp-json\/wp\/v2\/categories?post=594"},{"taxonomy":"post_tag","embeddable":true,"href":"https:\/\/ambassade-vietnam.com\/fr\/wp-json\/wp\/v2\/tags?post=594"}],"curies":[{"name":"wp","href":"https:\/\/api.w.org\/{rel}","templated":true}]}}