{"id":587,"date":"2019-12-26T17:05:48","date_gmt":"2019-12-26T16:05:48","guid":{"rendered":"https:\/\/ambassade-vietnam.com\/fr\/?p=587"},"modified":"2019-12-26T17:05:48","modified_gmt":"2019-12-26T16:05:48","slug":"le-vietnam-participera-a-la-40e-assemblee-generale-de-lunesco-et-au-forum-de-la-paix-de-paris","status":"publish","type":"post","link":"https:\/\/ambassade-vietnam.com\/fr\/blog\/2019\/12\/26\/le-vietnam-participera-a-la-40e-assemblee-generale-de-lunesco-et-au-forum-de-la-paix-de-paris\/","title":{"rendered":"Le Vietnam participera \u00e0 la 40e Assembl\u00e9e g\u00e9n\u00e9rale de l&rsquo;UNESCO et au Forum de la paix de Paris"},"content":{"rendered":"<table width=\"100%\">\n<tbody>\n<tr>\n<td><img loading=\"lazy\" decoding=\"async\" class=\"alignnone size-medium wp-image-588\" src=\"https:\/\/ambassade-vietnam.com\/fr\/wp-content\/uploads\/sites\/1\/2019\/12\/IMG_2474-300x200.jpg\" alt=\"\" width=\"300\" height=\"200\" srcset=\"https:\/\/ambassade-vietnam.com\/fr\/wp-content\/uploads\/sites\/1\/2019\/12\/IMG_2474-300x200.jpg 300w, https:\/\/ambassade-vietnam.com\/fr\/wp-content\/uploads\/sites\/1\/2019\/12\/IMG_2474-1024x683.jpg 1024w, https:\/\/ambassade-vietnam.com\/fr\/wp-content\/uploads\/sites\/1\/2019\/12\/IMG_2474-768x512.jpg 768w, https:\/\/ambassade-vietnam.com\/fr\/wp-content\/uploads\/sites\/1\/2019\/12\/IMG_2474-1536x1024.jpg 1536w, https:\/\/ambassade-vietnam.com\/fr\/wp-content\/uploads\/sites\/1\/2019\/12\/IMG_2474-2048x1365.jpg 2048w\" sizes=\"auto, (max-width: 300px) 100vw, 300px\" \/><\/p>\n<p><strong>Le vice-ministre vietnamien des Affaires \u00e9trang\u00e8res L\u00ea Ho\u00e0i Trung, accompagn\u00e9 d\u2019une d\u00e9l\u00e9gation vietnamienne, participera \u00e0 la 40e Assembl\u00e9e g\u00e9n\u00e9rale de l'UNESCO et au 2e Forum de la paix de Paris qui se tiendront du 12 au 17 novembre \u00e0 Paris, en France.<\/strong><\/td>\n<\/tr>\n<tr>\n<td>Ces \u00e9v\u00e9nements r\u00e9uniront de nombreux hauts responsables des pays membres qui d\u00e9battront et approuveront des d\u00e9cisions relatives \u00e0 de nombreuses questions importantes.<\/p>\n<p>La 40e Assembl\u00e9e g\u00e9n\u00e9rale de l'UNESCO se concentrera sur la discussion de nombreuses questions importantes li\u00e9es au processus de fonctionnement de l\u2019UNESCO et aux amendements \u00e0 la Charte de l'UNESCO, au processus d'\u00e9lection du directeur g\u00e9n\u00e9ral et au mandat des membres du Conseil.<\/p>\n<p>En marge de la 40e Assembl\u00e9e g\u00e9n\u00e9rale de l\u2019UNESCO, de nombreux autres \u00e9v\u00e9nements tr\u00e8s importants et directement li\u00e9s aux domaines d'activit\u00e9 de l'UNESCO seront organis\u00e9s telles que la Conf\u00e9rence minist\u00e9rielle sur l'\u00e9ducation et le Forum des ministres de la Culture, les r\u00e9unions de sous-comit\u00e9s sp\u00e9cialis\u00e9s, etc.<\/p>\n<p>Le vice-ministre vietnamien des Affaires \u00e9trang\u00e8res, L\u00ea Ho\u00e0i Trung, prononcera un discours lors de la 40e Assembl\u00e9e g\u00e9n\u00e9rale de l'UNESCO, exposant les points de vue et les recommandations du Vietnam sur le r\u00f4le, la position de l'UNESCO et les principaux probl\u00e8mes abord\u00e9s par l'UNESCO ainsi que sur la coop\u00e9ration entre le Vietnam et l'UNESCO.<\/p>\n<p>De plus, le vice-ministre L\u00ea Ho\u00e0i Trung devra participer au Forum sur la paix de Paris, une activit\u00e9 initi\u00e9e par le Pr\u00e9sident fran\u00e7ais Emmanuel Macron. Le Forum s'est tenu pour la premi\u00e8re fois \u00e0 Paris en 2018 \u00e0 l'occasion du 100e anniversaire de la fin de la Premi\u00e8re Guerre mondiale et a re\u00e7u le soutien initial de nombreux chefs d'\u00c9tat, dirigeants et responsables d'organisations internationales.<\/p>\n<p>Le Forum sur la paix de Paris de 2019 continuera d'affirmer l'importance du multilat\u00e9ralisme et de la coop\u00e9ration internationale. Les d\u00e9l\u00e9gu\u00e9s discuteront des th\u00e8mes tels que la paix et la s\u00e9curit\u00e9, le d\u00e9veloppement, l'environnement, les nouvelles technologies, l'\u00e9conomie inclusive et la culture de l'\u00e9ducation.<\/td>\n<\/tr>\n<\/tbody>\n<\/table>\n","protected":false},"excerpt":{"rendered":"<p>Le vice-ministre vietnamien des Affaires \u00e9trang\u00e8res L\u00ea Ho\u00e0i Trung, accompagn\u00e9 d\u2019une d\u00e9l\u00e9gation vietnamienne, participera \u00e0 la 40e Assembl\u00e9e g\u00e9n\u00e9rale de l&rsquo;UNESCO et au 2e Forum de la paix de Paris qui se tiendront du 12 au 17 novembre \u00e0 Paris, en France. Ces \u00e9v\u00e9nements r\u00e9uniront de nombreux hauts responsables des pays membres qui d\u00e9battront et [&hellip;]<\/p>\n","protected":false},"author":1420,"featured_media":0,"comment_status":"closed","ping_status":"open","sticky":false,"template":"","format":"standard","meta":{"footnotes":""},"categories":[1],"tags":[],"class_list":["post-587","post","type-post","status-publish","format-standard","hentry","category-actualites"],"yoast_head":"<!-- This site is optimized with the Yoast SEO plugin v27.5 - https:\/\/yoast.com\/product\/yoast-seo-wordpress\/ -->\n<title>Le Vietnam participera \u00e0 la 40e Assembl\u00e9e g\u00e9n\u00e9rale de l&#039;UNESCO et au Forum de la paix de Paris - Ambassade de la r\u00e9publique socialiste du Vietnam en France<\/title>\n<meta name=\"robots\" content=\"index, follow, max-snippet:-1, max-image-preview:large, max-video-preview:-1\" \/>\n<link rel=\"canonical\" href=\"https:\/\/ambassade-vietnam.com\/fr\/blog\/2019\/12\/26\/le-vietnam-participera-a-la-40e-assemblee-generale-de-lunesco-et-au-forum-de-la-paix-de-paris\/\" \/>\n<meta property=\"og:locale\" content=\"fr_FR\" \/>\n<meta property=\"og:type\" content=\"article\" \/>\n<meta property=\"og:title\" content=\"Le Vietnam participera \u00e0 la 40e Assembl\u00e9e g\u00e9n\u00e9rale de l&#039;UNESCO et au Forum de la paix de Paris - Ambassade de la r\u00e9publique socialiste du Vietnam en France\" \/>\n<meta property=\"og:description\" content=\"Le vice-ministre vietnamien des Affaires \u00e9trang\u00e8res L\u00ea Ho\u00e0i Trung, accompagn\u00e9 d\u2019une d\u00e9l\u00e9gation vietnamienne, participera \u00e0 la 40e Assembl\u00e9e g\u00e9n\u00e9rale de l&#039;UNESCO et au 2e Forum de la paix de Paris qui se tiendront du 12 au 17 novembre \u00e0 Paris, en France. Ces \u00e9v\u00e9nements r\u00e9uniront de nombreux hauts responsables des pays membres qui d\u00e9battront et [&hellip;]\" \/>\n<meta property=\"og:url\" content=\"https:\/\/ambassade-vietnam.com\/fr\/blog\/2019\/12\/26\/le-vietnam-participera-a-la-40e-assemblee-generale-de-lunesco-et-au-forum-de-la-paix-de-paris\/\" \/>\n<meta property=\"og:site_name\" content=\"Ambassade de la r\u00e9publique socialiste du Vietnam en France\" \/>\n<meta property=\"article:published_time\" content=\"2019-12-26T16:05:48+00:00\" \/>\n<meta property=\"og:image\" content=\"https:\/\/ambassade-vietnam.com\/fr\/wp-content\/uploads\/sites\/1\/2019\/12\/IMG_2474-scaled.jpg\" \/>\n\t<meta property=\"og:image:width\" content=\"2560\" \/>\n\t<meta property=\"og:image:height\" content=\"1707\" \/>\n\t<meta property=\"og:image:type\" content=\"image\/jpeg\" \/>\n<meta name=\"author\" content=\"adminbaochi\" \/>\n<meta name=\"twitter:card\" content=\"summary_large_image\" \/>\n<script type=\"application\/ld+json\" class=\"yoast-schema-graph\">{\"@context\":\"https:\\\/\\\/schema.org\",\"@graph\":[{\"@type\":\"Article\",\"@id\":\"https:\\\/\\\/ambassade-vietnam.com\\\/fr\\\/blog\\\/2019\\\/12\\\/26\\\/le-vietnam-participera-a-la-40e-assemblee-generale-de-lunesco-et-au-forum-de-la-paix-de-paris\\\/#article\",\"isPartOf\":{\"@id\":\"https:\\\/\\\/ambassade-vietnam.com\\\/fr\\\/blog\\\/2019\\\/12\\\/26\\\/le-vietnam-participera-a-la-40e-assemblee-generale-de-lunesco-et-au-forum-de-la-paix-de-paris\\\/\"},\"author\":{\"name\":\"adminbaochi\",\"@id\":\"https:\\\/\\\/ambassade-vietnam.com\\\/fr\\\/#\\\/schema\\\/person\\\/27c56a808973eb2c7fc8034d1004174d\"},\"headline\":\"Le Vietnam participera \u00e0 la 40e Assembl\u00e9e g\u00e9n\u00e9rale de l&rsquo;UNESCO et au Forum de la paix de Paris\",\"datePublished\":\"2019-12-26T16:05:48+00:00\",\"mainEntityOfPage\":{\"@id\":\"https:\\\/\\\/ambassade-vietnam.com\\\/fr\\\/blog\\\/2019\\\/12\\\/26\\\/le-vietnam-participera-a-la-40e-assemblee-generale-de-lunesco-et-au-forum-de-la-paix-de-paris\\\/\"},\"wordCount\":404,\"image\":{\"@id\":\"https:\\\/\\\/ambassade-vietnam.com\\\/fr\\\/blog\\\/2019\\\/12\\\/26\\\/le-vietnam-participera-a-la-40e-assemblee-generale-de-lunesco-et-au-forum-de-la-paix-de-paris\\\/#primaryimage\"},\"thumbnailUrl\":\"https:\\\/\\\/ambassade-vietnam.com\\\/fr\\\/wp-content\\\/uploads\\\/sites\\\/1\\\/2019\\\/12\\\/IMG_2474-300x200.jpg\",\"articleSection\":[\"Actualit\u00e9s\"],\"inLanguage\":\"fr-FR\"},{\"@type\":\"WebPage\",\"@id\":\"https:\\\/\\\/ambassade-vietnam.com\\\/fr\\\/blog\\\/2019\\\/12\\\/26\\\/le-vietnam-participera-a-la-40e-assemblee-generale-de-lunesco-et-au-forum-de-la-paix-de-paris\\\/\",\"url\":\"https:\\\/\\\/ambassade-vietnam.com\\\/fr\\\/blog\\\/2019\\\/12\\\/26\\\/le-vietnam-participera-a-la-40e-assemblee-generale-de-lunesco-et-au-forum-de-la-paix-de-paris\\\/\",\"name\":\"Le Vietnam participera \u00e0 la 40e Assembl\u00e9e g\u00e9n\u00e9rale de l'UNESCO et au Forum de la paix de Paris - Ambassade de la r\u00e9publique socialiste du Vietnam en France\",\"isPartOf\":{\"@id\":\"https:\\\/\\\/ambassade-vietnam.com\\\/fr\\\/#website\"},\"primaryImageOfPage\":{\"@id\":\"https:\\\/\\\/ambassade-vietnam.com\\\/fr\\\/blog\\\/2019\\\/12\\\/26\\\/le-vietnam-participera-a-la-40e-assemblee-generale-de-lunesco-et-au-forum-de-la-paix-de-paris\\\/#primaryimage\"},\"image\":{\"@id\":\"https:\\\/\\\/ambassade-vietnam.com\\\/fr\\\/blog\\\/2019\\\/12\\\/26\\\/le-vietnam-participera-a-la-40e-assemblee-generale-de-lunesco-et-au-forum-de-la-paix-de-paris\\\/#primaryimage\"},\"thumbnailUrl\":\"https:\\\/\\\/ambassade-vietnam.com\\\/fr\\\/wp-content\\\/uploads\\\/sites\\\/1\\\/2019\\\/12\\\/IMG_2474-300x200.jpg\",\"datePublished\":\"2019-12-26T16:05:48+00:00\",\"author\":{\"@id\":\"https:\\\/\\\/ambassade-vietnam.com\\\/fr\\\/#\\\/schema\\\/person\\\/27c56a808973eb2c7fc8034d1004174d\"},\"breadcrumb\":{\"@id\":\"https:\\\/\\\/ambassade-vietnam.com\\\/fr\\\/blog\\\/2019\\\/12\\\/26\\\/le-vietnam-participera-a-la-40e-assemblee-generale-de-lunesco-et-au-forum-de-la-paix-de-paris\\\/#breadcrumb\"},\"inLanguage\":\"fr-FR\",\"potentialAction\":[{\"@type\":\"ReadAction\",\"target\":[\"https:\\\/\\\/ambassade-vietnam.com\\\/fr\\\/blog\\\/2019\\\/12\\\/26\\\/le-vietnam-participera-a-la-40e-assemblee-generale-de-lunesco-et-au-forum-de-la-paix-de-paris\\\/\"]}]},{\"@type\":\"ImageObject\",\"inLanguage\":\"fr-FR\",\"@id\":\"https:\\\/\\\/ambassade-vietnam.com\\\/fr\\\/blog\\\/2019\\\/12\\\/26\\\/le-vietnam-participera-a-la-40e-assemblee-generale-de-lunesco-et-au-forum-de-la-paix-de-paris\\\/#primaryimage\",\"url\":\"https:\\\/\\\/ambassade-vietnam.com\\\/fr\\\/wp-content\\\/uploads\\\/sites\\\/1\\\/2019\\\/12\\\/IMG_2474-scaled.jpg\",\"contentUrl\":\"https:\\\/\\\/ambassade-vietnam.com\\\/fr\\\/wp-content\\\/uploads\\\/sites\\\/1\\\/2019\\\/12\\\/IMG_2474-scaled.jpg\",\"width\":2560,\"height\":1707},{\"@type\":\"BreadcrumbList\",\"@id\":\"https:\\\/\\\/ambassade-vietnam.com\\\/fr\\\/blog\\\/2019\\\/12\\\/26\\\/le-vietnam-participera-a-la-40e-assemblee-generale-de-lunesco-et-au-forum-de-la-paix-de-paris\\\/#breadcrumb\",\"itemListElement\":[{\"@type\":\"ListItem\",\"position\":1,\"name\":\"Home\",\"item\":\"https:\\\/\\\/ambassade-vietnam.com\\\/fr\\\/\"},{\"@type\":\"ListItem\",\"position\":2,\"name\":\"Le Vietnam participera \u00e0 la 40e Assembl\u00e9e g\u00e9n\u00e9rale de l&rsquo;UNESCO et au Forum de la paix de Paris\"}]},{\"@type\":\"WebSite\",\"@id\":\"https:\\\/\\\/ambassade-vietnam.com\\\/fr\\\/#website\",\"url\":\"https:\\\/\\\/ambassade-vietnam.com\\\/fr\\\/\",\"name\":\"Ambassade de la r\u00e9publique socialiste du Vietnam en France\",\"description\":\"\",\"potentialAction\":[{\"@type\":\"SearchAction\",\"target\":{\"@type\":\"EntryPoint\",\"urlTemplate\":\"https:\\\/\\\/ambassade-vietnam.com\\\/fr\\\/?s={search_term_string}\"},\"query-input\":{\"@type\":\"PropertyValueSpecification\",\"valueRequired\":true,\"valueName\":\"search_term_string\"}}],\"inLanguage\":\"fr-FR\"},{\"@type\":\"Person\",\"@id\":\"https:\\\/\\\/ambassade-vietnam.com\\\/fr\\\/#\\\/schema\\\/person\\\/27c56a808973eb2c7fc8034d1004174d\",\"name\":\"adminbaochi\",\"image\":{\"@type\":\"ImageObject\",\"inLanguage\":\"fr-FR\",\"@id\":\"https:\\\/\\\/secure.gravatar.com\\\/avatar\\\/938c488c3aab740fe28d828bce1628575e0f8b8a17254777ffea4cd2dca2163d?s=96&d=mm&r=g\",\"url\":\"https:\\\/\\\/secure.gravatar.com\\\/avatar\\\/938c488c3aab740fe28d828bce1628575e0f8b8a17254777ffea4cd2dca2163d?s=96&d=mm&r=g\",\"contentUrl\":\"https:\\\/\\\/secure.gravatar.com\\\/avatar\\\/938c488c3aab740fe28d828bce1628575e0f8b8a17254777ffea4cd2dca2163d?s=96&d=mm&r=g\",\"caption\":\"adminbaochi\"},\"url\":\"https:\\\/\\\/ambassade-vietnam.com\\\/fr\\\/blog\\\/author\\\/adminbaochi\\\/\"}]}<\/script>\n<!-- \/ Yoast SEO plugin. -->","yoast_head_json":{"title":"Le Vietnam participera \u00e0 la 40e Assembl\u00e9e g\u00e9n\u00e9rale de l'UNESCO et au Forum de la paix de Paris - Ambassade de la r\u00e9publique socialiste du Vietnam en France","robots":{"index":"index","follow":"follow","max-snippet":"max-snippet:-1","max-image-preview":"max-image-preview:large","max-video-preview":"max-video-preview:-1"},"canonical":"https:\/\/ambassade-vietnam.com\/fr\/blog\/2019\/12\/26\/le-vietnam-participera-a-la-40e-assemblee-generale-de-lunesco-et-au-forum-de-la-paix-de-paris\/","og_locale":"fr_FR","og_type":"article","og_title":"Le Vietnam participera \u00e0 la 40e Assembl\u00e9e g\u00e9n\u00e9rale de l'UNESCO et au Forum de la paix de Paris - Ambassade de la r\u00e9publique socialiste du Vietnam en France","og_description":"Le vice-ministre vietnamien des Affaires \u00e9trang\u00e8res L\u00ea Ho\u00e0i Trung, accompagn\u00e9 d\u2019une d\u00e9l\u00e9gation vietnamienne, participera \u00e0 la 40e Assembl\u00e9e g\u00e9n\u00e9rale de l'UNESCO et au 2e Forum de la paix de Paris qui se tiendront du 12 au 17 novembre \u00e0 Paris, en France. Ces \u00e9v\u00e9nements r\u00e9uniront de nombreux hauts responsables des pays membres qui d\u00e9battront et [&hellip;]","og_url":"https:\/\/ambassade-vietnam.com\/fr\/blog\/2019\/12\/26\/le-vietnam-participera-a-la-40e-assemblee-generale-de-lunesco-et-au-forum-de-la-paix-de-paris\/","og_site_name":"Ambassade de la r\u00e9publique socialiste du Vietnam en France","article_published_time":"2019-12-26T16:05:48+00:00","og_image":[{"width":2560,"height":1707,"url":"https:\/\/ambassade-vietnam.com\/fr\/wp-content\/uploads\/sites\/1\/2019\/12\/IMG_2474-scaled.jpg","type":"image\/jpeg"}],"author":"adminbaochi","twitter_card":"summary_large_image","schema":{"@context":"https:\/\/schema.org","@graph":[{"@type":"Article","@id":"https:\/\/ambassade-vietnam.com\/fr\/blog\/2019\/12\/26\/le-vietnam-participera-a-la-40e-assemblee-generale-de-lunesco-et-au-forum-de-la-paix-de-paris\/#article","isPartOf":{"@id":"https:\/\/ambassade-vietnam.com\/fr\/blog\/2019\/12\/26\/le-vietnam-participera-a-la-40e-assemblee-generale-de-lunesco-et-au-forum-de-la-paix-de-paris\/"},"author":{"name":"adminbaochi","@id":"https:\/\/ambassade-vietnam.com\/fr\/#\/schema\/person\/27c56a808973eb2c7fc8034d1004174d"},"headline":"Le Vietnam participera \u00e0 la 40e Assembl\u00e9e g\u00e9n\u00e9rale de l&rsquo;UNESCO et au Forum de la paix de Paris","datePublished":"2019-12-26T16:05:48+00:00","mainEntityOfPage":{"@id":"https:\/\/ambassade-vietnam.com\/fr\/blog\/2019\/12\/26\/le-vietnam-participera-a-la-40e-assemblee-generale-de-lunesco-et-au-forum-de-la-paix-de-paris\/"},"wordCount":404,"image":{"@id":"https:\/\/ambassade-vietnam.com\/fr\/blog\/2019\/12\/26\/le-vietnam-participera-a-la-40e-assemblee-generale-de-lunesco-et-au-forum-de-la-paix-de-paris\/#primaryimage"},"thumbnailUrl":"https:\/\/ambassade-vietnam.com\/fr\/wp-content\/uploads\/sites\/1\/2019\/12\/IMG_2474-300x200.jpg","articleSection":["Actualit\u00e9s"],"inLanguage":"fr-FR"},{"@type":"WebPage","@id":"https:\/\/ambassade-vietnam.com\/fr\/blog\/2019\/12\/26\/le-vietnam-participera-a-la-40e-assemblee-generale-de-lunesco-et-au-forum-de-la-paix-de-paris\/","url":"https:\/\/ambassade-vietnam.com\/fr\/blog\/2019\/12\/26\/le-vietnam-participera-a-la-40e-assemblee-generale-de-lunesco-et-au-forum-de-la-paix-de-paris\/","name":"Le Vietnam participera \u00e0 la 40e Assembl\u00e9e g\u00e9n\u00e9rale de l'UNESCO et au Forum de la paix de Paris - Ambassade de la r\u00e9publique socialiste du Vietnam en France","isPartOf":{"@id":"https:\/\/ambassade-vietnam.com\/fr\/#website"},"primaryImageOfPage":{"@id":"https:\/\/ambassade-vietnam.com\/fr\/blog\/2019\/12\/26\/le-vietnam-participera-a-la-40e-assemblee-generale-de-lunesco-et-au-forum-de-la-paix-de-paris\/#primaryimage"},"image":{"@id":"https:\/\/ambassade-vietnam.com\/fr\/blog\/2019\/12\/26\/le-vietnam-participera-a-la-40e-assemblee-generale-de-lunesco-et-au-forum-de-la-paix-de-paris\/#primaryimage"},"thumbnailUrl":"https:\/\/ambassade-vietnam.com\/fr\/wp-content\/uploads\/sites\/1\/2019\/12\/IMG_2474-300x200.jpg","datePublished":"2019-12-26T16:05:48+00:00","author":{"@id":"https:\/\/ambassade-vietnam.com\/fr\/#\/schema\/person\/27c56a808973eb2c7fc8034d1004174d"},"breadcrumb":{"@id":"https:\/\/ambassade-vietnam.com\/fr\/blog\/2019\/12\/26\/le-vietnam-participera-a-la-40e-assemblee-generale-de-lunesco-et-au-forum-de-la-paix-de-paris\/#breadcrumb"},"inLanguage":"fr-FR","potentialAction":[{"@type":"ReadAction","target":["https:\/\/ambassade-vietnam.com\/fr\/blog\/2019\/12\/26\/le-vietnam-participera-a-la-40e-assemblee-generale-de-lunesco-et-au-forum-de-la-paix-de-paris\/"]}]},{"@type":"ImageObject","inLanguage":"fr-FR","@id":"https:\/\/ambassade-vietnam.com\/fr\/blog\/2019\/12\/26\/le-vietnam-participera-a-la-40e-assemblee-generale-de-lunesco-et-au-forum-de-la-paix-de-paris\/#primaryimage","url":"https:\/\/ambassade-vietnam.com\/fr\/wp-content\/uploads\/sites\/1\/2019\/12\/IMG_2474-scaled.jpg","contentUrl":"https:\/\/ambassade-vietnam.com\/fr\/wp-content\/uploads\/sites\/1\/2019\/12\/IMG_2474-scaled.jpg","width":2560,"height":1707},{"@type":"BreadcrumbList","@id":"https:\/\/ambassade-vietnam.com\/fr\/blog\/2019\/12\/26\/le-vietnam-participera-a-la-40e-assemblee-generale-de-lunesco-et-au-forum-de-la-paix-de-paris\/#breadcrumb","itemListElement":[{"@type":"ListItem","position":1,"name":"Home","item":"https:\/\/ambassade-vietnam.com\/fr\/"},{"@type":"ListItem","position":2,"name":"Le Vietnam participera \u00e0 la 40e Assembl\u00e9e g\u00e9n\u00e9rale de l&rsquo;UNESCO et au Forum de la paix de Paris"}]},{"@type":"WebSite","@id":"https:\/\/ambassade-vietnam.com\/fr\/#website","url":"https:\/\/ambassade-vietnam.com\/fr\/","name":"Ambassade de la r\u00e9publique socialiste du Vietnam en France","description":"","potentialAction":[{"@type":"SearchAction","target":{"@type":"EntryPoint","urlTemplate":"https:\/\/ambassade-vietnam.com\/fr\/?s={search_term_string}"},"query-input":{"@type":"PropertyValueSpecification","valueRequired":true,"valueName":"search_term_string"}}],"inLanguage":"fr-FR"},{"@type":"Person","@id":"https:\/\/ambassade-vietnam.com\/fr\/#\/schema\/person\/27c56a808973eb2c7fc8034d1004174d","name":"adminbaochi","image":{"@type":"ImageObject","inLanguage":"fr-FR","@id":"https:\/\/secure.gravatar.com\/avatar\/938c488c3aab740fe28d828bce1628575e0f8b8a17254777ffea4cd2dca2163d?s=96&d=mm&r=g","url":"https:\/\/secure.gravatar.com\/avatar\/938c488c3aab740fe28d828bce1628575e0f8b8a17254777ffea4cd2dca2163d?s=96&d=mm&r=g","contentUrl":"https:\/\/secure.gravatar.com\/avatar\/938c488c3aab740fe28d828bce1628575e0f8b8a17254777ffea4cd2dca2163d?s=96&d=mm&r=g","caption":"adminbaochi"},"url":"https:\/\/ambassade-vietnam.com\/fr\/blog\/author\/adminbaochi\/"}]}},"_links":{"self":[{"href":"https:\/\/ambassade-vietnam.com\/fr\/wp-json\/wp\/v2\/posts\/587","targetHints":{"allow":["GET"]}}],"collection":[{"href":"https:\/\/ambassade-vietnam.com\/fr\/wp-json\/wp\/v2\/posts"}],"about":[{"href":"https:\/\/ambassade-vietnam.com\/fr\/wp-json\/wp\/v2\/types\/post"}],"author":[{"embeddable":true,"href":"https:\/\/ambassade-vietnam.com\/fr\/wp-json\/wp\/v2\/users\/1420"}],"replies":[{"embeddable":true,"href":"https:\/\/ambassade-vietnam.com\/fr\/wp-json\/wp\/v2\/comments?post=587"}],"version-history":[{"count":1,"href":"https:\/\/ambassade-vietnam.com\/fr\/wp-json\/wp\/v2\/posts\/587\/revisions"}],"predecessor-version":[{"id":589,"href":"https:\/\/ambassade-vietnam.com\/fr\/wp-json\/wp\/v2\/posts\/587\/revisions\/589"}],"wp:attachment":[{"href":"https:\/\/ambassade-vietnam.com\/fr\/wp-json\/wp\/v2\/media?parent=587"}],"wp:term":[{"taxonomy":"category","embeddable":true,"href":"https:\/\/ambassade-vietnam.com\/fr\/wp-json\/wp\/v2\/categories?post=587"},{"taxonomy":"post_tag","embeddable":true,"href":"https:\/\/ambassade-vietnam.com\/fr\/wp-json\/wp\/v2\/tags?post=587"}],"curies":[{"name":"wp","href":"https:\/\/api.w.org\/{rel}","templated":true}]}}