{"id":583,"date":"2019-12-26T16:56:39","date_gmt":"2019-12-26T15:56:39","guid":{"rendered":"https:\/\/ambassade-vietnam.com\/fr\/?p=583"},"modified":"2019-12-26T16:58:22","modified_gmt":"2019-12-26T15:58:22","slug":"une-delegation-de-laudit-detat-du-vietnam-en-visite-de-travail-en-france","status":"publish","type":"post","link":"https:\/\/ambassade-vietnam.com\/fr\/blog\/2019\/12\/26\/une-delegation-de-laudit-detat-du-vietnam-en-visite-de-travail-en-france\/","title":{"rendered":"Une d\u00e9l\u00e9gation de l&rsquo;Audit d&rsquo;\u00c9tat du Vietnam en visite de travail en France"},"content":{"rendered":"<table width=\"100%\">\n<tbody>\n<tr>\n<td><img loading=\"lazy\" decoding=\"async\" class=\"alignnone size-medium wp-image-584\" src=\"https:\/\/ambassade-vietnam.com\/fr\/wp-content\/uploads\/sites\/1\/2019\/12\/Kiem-toan-300x168.jpg\" alt=\"\" width=\"300\" height=\"168\" srcset=\"https:\/\/ambassade-vietnam.com\/fr\/wp-content\/uploads\/sites\/1\/2019\/12\/Kiem-toan-300x168.jpg 300w, https:\/\/ambassade-vietnam.com\/fr\/wp-content\/uploads\/sites\/1\/2019\/12\/Kiem-toan.jpg 438w\" sizes=\"auto, (max-width: 300px) 100vw, 300px\" \/><\/p>\n<p><strong>Dans le cadre de sa visite en France la semaine derni\u00e8re, l\u2019auditeur g\u00e9n\u00e9ral de l\u2019\u00c9tat, H\u00f4 Duc Phoc, a travaill\u00e9 avec des responsables de l\u2019\u00c9cole nationale d'administration (ENA) \u00e0 Strasbourg.<\/strong><\/td>\n<\/tr>\n<tr>\n<td>H\u00f4 Duc Phoc a inform\u00e9 les responsables de l\u2019ENA des mesures appliqu\u00e9es par l'Audit d'\u00c9tat du Vietnam pour promouvoir la mise en \u0153uvre de sa strat\u00e9gie de d\u00e9veloppement jusqu\u2019en 2020 et pour bien assumer la pr\u00e9sidence de l\u2019Organisation asiatique des institutions sup\u00e9rieures de contr\u00f4le des finances publiques (ASOSAI) durant le mandat 2018-2021.<\/p>\n<p>Il a exprim\u00e9 le souhait d\u2019\u00e9tudier des exp\u00e9riences fran\u00e7aises pour que l'Audit d'\u00c9tat du Vietnam puisse renforcer ses capacit\u00e9s d\u2019organisation, de gestion, d\u2019administration, am\u00e9liorer l\u2019efficacit\u00e9 de ses activit\u00e9s professionnelles, intensifier ses contributions au processus de r\u00e9forme des finances publiques et administrative.<\/p>\n<p>Alexandre Tr\u00e2n Chuong, manageur s\u00e9nior pour l\u2019Asie et l\u2019Am\u00e9rique de l\u2019ENA, a affirm\u00e9 que son \u00e9cole \u00e9tait pr\u00eate \u00e0 envoyer des experts au Vietnam pour aider l'Audit d'\u00c9tat dans la formation de cadres ainsi qu\u2019\u00e0 accueillir des cadres vietnamiens pour participer \u00e0 des formations organis\u00e9es par l\u2019ENA.<\/p>\n<p>Auparavant, \u00e0 Paris, la d\u00e9l\u00e9gation de l'Audit d'\u00c9tat du Vietnam a eu des s\u00e9ances de travail avec des responsables de l\u2019Assembl\u00e9e nationale fran\u00e7aise, dont Sylvie Malgouyard, administratrice-adjointe de la Division de la coop\u00e9ration interparlementaire, relevant du Service des affaires internationales et de d\u00e9fense, et Vincent Br\u00e9hier, chef de la Division du contr\u00f4le et des \u00e9tudes l\u00e9gislatives, relevant du Service des finances publiques.<\/p>\n<p>H\u00f4 Duc Phoc a d\u00e9clar\u00e9 que cette visite en France \u00e9tait l\u2019une des activit\u00e9s principales du projet de modernisation des finances publiques financ\u00e9 par l'Union europ\u00e9enne (PFMO-UE).<\/p>\n<p>La Cour des comptes fran\u00e7aise est l\u2019un des partenaires importants de l'Audit d'\u00c9tat du Vietnam et un membre actif du projet PFMO-UE, a-t-il affirm\u00e9.<\/p>\n<p>Il s\u2019agit d\u2019une bonne occasion pour les deux parties de partager leurs exp\u00e9riences, de promouvoir des initiatives et recommandations visant \u00e0 am\u00e9liorer l\u2019efficacit\u00e9 de la coop\u00e9ration entre les institutions sup\u00e9rieures de contr\u00f4le des finances publiques (Supreme Audit Institutions - SAI) et les organes l\u00e9gislatifs, a-t-il ajout\u00e9.<\/td>\n<\/tr>\n<\/tbody>\n<\/table>\n","protected":false},"excerpt":{"rendered":"<p>Dans le cadre de sa visite en France la semaine derni\u00e8re, l\u2019auditeur g\u00e9n\u00e9ral de l\u2019\u00c9tat, H\u00f4 Duc Phoc, a travaill\u00e9 avec des responsables de l\u2019\u00c9cole nationale d&rsquo;administration (ENA) \u00e0 Strasbourg. H\u00f4 Duc Phoc a inform\u00e9 les responsables de l\u2019ENA des mesures appliqu\u00e9es par l&rsquo;Audit d&rsquo;\u00c9tat du Vietnam pour promouvoir la mise en \u0153uvre de sa [&hellip;]<\/p>\n","protected":false},"author":1420,"featured_media":0,"comment_status":"closed","ping_status":"open","sticky":false,"template":"","format":"standard","meta":{"footnotes":""},"categories":[1],"tags":[],"class_list":["post-583","post","type-post","status-publish","format-standard","hentry","category-actualites"],"yoast_head":"<!-- This site is optimized with the Yoast SEO plugin v27.5 - https:\/\/yoast.com\/product\/yoast-seo-wordpress\/ -->\n<title>Une d\u00e9l\u00e9gation de l&#039;Audit d&#039;\u00c9tat du Vietnam en visite de travail en France - Ambassade de la r\u00e9publique socialiste du Vietnam en France<\/title>\n<meta name=\"robots\" content=\"index, follow, max-snippet:-1, max-image-preview:large, max-video-preview:-1\" \/>\n<link rel=\"canonical\" href=\"https:\/\/ambassade-vietnam.com\/fr\/blog\/2019\/12\/26\/une-delegation-de-laudit-detat-du-vietnam-en-visite-de-travail-en-france\/\" \/>\n<meta property=\"og:locale\" content=\"fr_FR\" \/>\n<meta property=\"og:type\" content=\"article\" \/>\n<meta property=\"og:title\" content=\"Une d\u00e9l\u00e9gation de l&#039;Audit d&#039;\u00c9tat du Vietnam en visite de travail en France - Ambassade de la r\u00e9publique socialiste du Vietnam en France\" \/>\n<meta property=\"og:description\" content=\"Dans le cadre de sa visite en France la semaine derni\u00e8re, l\u2019auditeur g\u00e9n\u00e9ral de l\u2019\u00c9tat, H\u00f4 Duc Phoc, a travaill\u00e9 avec des responsables de l\u2019\u00c9cole nationale d&#039;administration (ENA) \u00e0 Strasbourg. H\u00f4 Duc Phoc a inform\u00e9 les responsables de l\u2019ENA des mesures appliqu\u00e9es par l&#039;Audit d&#039;\u00c9tat du Vietnam pour promouvoir la mise en \u0153uvre de sa [&hellip;]\" \/>\n<meta property=\"og:url\" content=\"https:\/\/ambassade-vietnam.com\/fr\/blog\/2019\/12\/26\/une-delegation-de-laudit-detat-du-vietnam-en-visite-de-travail-en-france\/\" \/>\n<meta property=\"og:site_name\" content=\"Ambassade de la r\u00e9publique socialiste du Vietnam en France\" \/>\n<meta property=\"article:published_time\" content=\"2019-12-26T15:56:39+00:00\" \/>\n<meta property=\"article:modified_time\" content=\"2019-12-26T15:58:22+00:00\" \/>\n<meta property=\"og:image\" content=\"https:\/\/ambassade-vietnam.com\/fr\/wp-content\/uploads\/sites\/1\/2019\/12\/Kiem-toan.jpg\" \/>\n\t<meta property=\"og:image:width\" content=\"438\" \/>\n\t<meta property=\"og:image:height\" content=\"246\" \/>\n\t<meta property=\"og:image:type\" content=\"image\/jpeg\" \/>\n<meta name=\"author\" content=\"adminbaochi\" \/>\n<meta name=\"twitter:card\" content=\"summary_large_image\" \/>\n<script type=\"application\/ld+json\" class=\"yoast-schema-graph\">{\"@context\":\"https:\\\/\\\/schema.org\",\"@graph\":[{\"@type\":\"Article\",\"@id\":\"https:\\\/\\\/ambassade-vietnam.com\\\/fr\\\/blog\\\/2019\\\/12\\\/26\\\/une-delegation-de-laudit-detat-du-vietnam-en-visite-de-travail-en-france\\\/#article\",\"isPartOf\":{\"@id\":\"https:\\\/\\\/ambassade-vietnam.com\\\/fr\\\/blog\\\/2019\\\/12\\\/26\\\/une-delegation-de-laudit-detat-du-vietnam-en-visite-de-travail-en-france\\\/\"},\"author\":{\"name\":\"adminbaochi\",\"@id\":\"https:\\\/\\\/ambassade-vietnam.com\\\/fr\\\/#\\\/schema\\\/person\\\/27c56a808973eb2c7fc8034d1004174d\"},\"headline\":\"Une d\u00e9l\u00e9gation de l&rsquo;Audit d&rsquo;\u00c9tat du Vietnam en visite de travail en France\",\"datePublished\":\"2019-12-26T15:56:39+00:00\",\"dateModified\":\"2019-12-26T15:58:22+00:00\",\"mainEntityOfPage\":{\"@id\":\"https:\\\/\\\/ambassade-vietnam.com\\\/fr\\\/blog\\\/2019\\\/12\\\/26\\\/une-delegation-de-laudit-detat-du-vietnam-en-visite-de-travail-en-france\\\/\"},\"wordCount\":412,\"image\":{\"@id\":\"https:\\\/\\\/ambassade-vietnam.com\\\/fr\\\/blog\\\/2019\\\/12\\\/26\\\/une-delegation-de-laudit-detat-du-vietnam-en-visite-de-travail-en-france\\\/#primaryimage\"},\"thumbnailUrl\":\"https:\\\/\\\/ambassade-vietnam.com\\\/fr\\\/wp-content\\\/uploads\\\/sites\\\/1\\\/2019\\\/12\\\/Kiem-toan-300x168.jpg\",\"articleSection\":[\"Actualit\u00e9s\"],\"inLanguage\":\"fr-FR\"},{\"@type\":\"WebPage\",\"@id\":\"https:\\\/\\\/ambassade-vietnam.com\\\/fr\\\/blog\\\/2019\\\/12\\\/26\\\/une-delegation-de-laudit-detat-du-vietnam-en-visite-de-travail-en-france\\\/\",\"url\":\"https:\\\/\\\/ambassade-vietnam.com\\\/fr\\\/blog\\\/2019\\\/12\\\/26\\\/une-delegation-de-laudit-detat-du-vietnam-en-visite-de-travail-en-france\\\/\",\"name\":\"Une d\u00e9l\u00e9gation de l'Audit d'\u00c9tat du Vietnam en visite de travail en France - Ambassade de la r\u00e9publique socialiste du Vietnam en France\",\"isPartOf\":{\"@id\":\"https:\\\/\\\/ambassade-vietnam.com\\\/fr\\\/#website\"},\"primaryImageOfPage\":{\"@id\":\"https:\\\/\\\/ambassade-vietnam.com\\\/fr\\\/blog\\\/2019\\\/12\\\/26\\\/une-delegation-de-laudit-detat-du-vietnam-en-visite-de-travail-en-france\\\/#primaryimage\"},\"image\":{\"@id\":\"https:\\\/\\\/ambassade-vietnam.com\\\/fr\\\/blog\\\/2019\\\/12\\\/26\\\/une-delegation-de-laudit-detat-du-vietnam-en-visite-de-travail-en-france\\\/#primaryimage\"},\"thumbnailUrl\":\"https:\\\/\\\/ambassade-vietnam.com\\\/fr\\\/wp-content\\\/uploads\\\/sites\\\/1\\\/2019\\\/12\\\/Kiem-toan-300x168.jpg\",\"datePublished\":\"2019-12-26T15:56:39+00:00\",\"dateModified\":\"2019-12-26T15:58:22+00:00\",\"author\":{\"@id\":\"https:\\\/\\\/ambassade-vietnam.com\\\/fr\\\/#\\\/schema\\\/person\\\/27c56a808973eb2c7fc8034d1004174d\"},\"breadcrumb\":{\"@id\":\"https:\\\/\\\/ambassade-vietnam.com\\\/fr\\\/blog\\\/2019\\\/12\\\/26\\\/une-delegation-de-laudit-detat-du-vietnam-en-visite-de-travail-en-france\\\/#breadcrumb\"},\"inLanguage\":\"fr-FR\",\"potentialAction\":[{\"@type\":\"ReadAction\",\"target\":[\"https:\\\/\\\/ambassade-vietnam.com\\\/fr\\\/blog\\\/2019\\\/12\\\/26\\\/une-delegation-de-laudit-detat-du-vietnam-en-visite-de-travail-en-france\\\/\"]}]},{\"@type\":\"ImageObject\",\"inLanguage\":\"fr-FR\",\"@id\":\"https:\\\/\\\/ambassade-vietnam.com\\\/fr\\\/blog\\\/2019\\\/12\\\/26\\\/une-delegation-de-laudit-detat-du-vietnam-en-visite-de-travail-en-france\\\/#primaryimage\",\"url\":\"https:\\\/\\\/ambassade-vietnam.com\\\/fr\\\/wp-content\\\/uploads\\\/sites\\\/1\\\/2019\\\/12\\\/Kiem-toan.jpg\",\"contentUrl\":\"https:\\\/\\\/ambassade-vietnam.com\\\/fr\\\/wp-content\\\/uploads\\\/sites\\\/1\\\/2019\\\/12\\\/Kiem-toan.jpg\",\"width\":438,\"height\":246},{\"@type\":\"BreadcrumbList\",\"@id\":\"https:\\\/\\\/ambassade-vietnam.com\\\/fr\\\/blog\\\/2019\\\/12\\\/26\\\/une-delegation-de-laudit-detat-du-vietnam-en-visite-de-travail-en-france\\\/#breadcrumb\",\"itemListElement\":[{\"@type\":\"ListItem\",\"position\":1,\"name\":\"Home\",\"item\":\"https:\\\/\\\/ambassade-vietnam.com\\\/fr\\\/\"},{\"@type\":\"ListItem\",\"position\":2,\"name\":\"Une d\u00e9l\u00e9gation de l&rsquo;Audit d&rsquo;\u00c9tat du Vietnam en visite de travail en France\"}]},{\"@type\":\"WebSite\",\"@id\":\"https:\\\/\\\/ambassade-vietnam.com\\\/fr\\\/#website\",\"url\":\"https:\\\/\\\/ambassade-vietnam.com\\\/fr\\\/\",\"name\":\"Ambassade de la r\u00e9publique socialiste du Vietnam en France\",\"description\":\"\",\"potentialAction\":[{\"@type\":\"SearchAction\",\"target\":{\"@type\":\"EntryPoint\",\"urlTemplate\":\"https:\\\/\\\/ambassade-vietnam.com\\\/fr\\\/?s={search_term_string}\"},\"query-input\":{\"@type\":\"PropertyValueSpecification\",\"valueRequired\":true,\"valueName\":\"search_term_string\"}}],\"inLanguage\":\"fr-FR\"},{\"@type\":\"Person\",\"@id\":\"https:\\\/\\\/ambassade-vietnam.com\\\/fr\\\/#\\\/schema\\\/person\\\/27c56a808973eb2c7fc8034d1004174d\",\"name\":\"adminbaochi\",\"image\":{\"@type\":\"ImageObject\",\"inLanguage\":\"fr-FR\",\"@id\":\"https:\\\/\\\/secure.gravatar.com\\\/avatar\\\/938c488c3aab740fe28d828bce1628575e0f8b8a17254777ffea4cd2dca2163d?s=96&d=mm&r=g\",\"url\":\"https:\\\/\\\/secure.gravatar.com\\\/avatar\\\/938c488c3aab740fe28d828bce1628575e0f8b8a17254777ffea4cd2dca2163d?s=96&d=mm&r=g\",\"contentUrl\":\"https:\\\/\\\/secure.gravatar.com\\\/avatar\\\/938c488c3aab740fe28d828bce1628575e0f8b8a17254777ffea4cd2dca2163d?s=96&d=mm&r=g\",\"caption\":\"adminbaochi\"},\"url\":\"https:\\\/\\\/ambassade-vietnam.com\\\/fr\\\/blog\\\/author\\\/adminbaochi\\\/\"}]}<\/script>\n<!-- \/ Yoast SEO plugin. -->","yoast_head_json":{"title":"Une d\u00e9l\u00e9gation de l'Audit d'\u00c9tat du Vietnam en visite de travail en France - Ambassade de la r\u00e9publique socialiste du Vietnam en France","robots":{"index":"index","follow":"follow","max-snippet":"max-snippet:-1","max-image-preview":"max-image-preview:large","max-video-preview":"max-video-preview:-1"},"canonical":"https:\/\/ambassade-vietnam.com\/fr\/blog\/2019\/12\/26\/une-delegation-de-laudit-detat-du-vietnam-en-visite-de-travail-en-france\/","og_locale":"fr_FR","og_type":"article","og_title":"Une d\u00e9l\u00e9gation de l'Audit d'\u00c9tat du Vietnam en visite de travail en France - Ambassade de la r\u00e9publique socialiste du Vietnam en France","og_description":"Dans le cadre de sa visite en France la semaine derni\u00e8re, l\u2019auditeur g\u00e9n\u00e9ral de l\u2019\u00c9tat, H\u00f4 Duc Phoc, a travaill\u00e9 avec des responsables de l\u2019\u00c9cole nationale d'administration (ENA) \u00e0 Strasbourg. H\u00f4 Duc Phoc a inform\u00e9 les responsables de l\u2019ENA des mesures appliqu\u00e9es par l'Audit d'\u00c9tat du Vietnam pour promouvoir la mise en \u0153uvre de sa [&hellip;]","og_url":"https:\/\/ambassade-vietnam.com\/fr\/blog\/2019\/12\/26\/une-delegation-de-laudit-detat-du-vietnam-en-visite-de-travail-en-france\/","og_site_name":"Ambassade de la r\u00e9publique socialiste du Vietnam en France","article_published_time":"2019-12-26T15:56:39+00:00","article_modified_time":"2019-12-26T15:58:22+00:00","og_image":[{"width":438,"height":246,"url":"https:\/\/ambassade-vietnam.com\/fr\/wp-content\/uploads\/sites\/1\/2019\/12\/Kiem-toan.jpg","type":"image\/jpeg"}],"author":"adminbaochi","twitter_card":"summary_large_image","schema":{"@context":"https:\/\/schema.org","@graph":[{"@type":"Article","@id":"https:\/\/ambassade-vietnam.com\/fr\/blog\/2019\/12\/26\/une-delegation-de-laudit-detat-du-vietnam-en-visite-de-travail-en-france\/#article","isPartOf":{"@id":"https:\/\/ambassade-vietnam.com\/fr\/blog\/2019\/12\/26\/une-delegation-de-laudit-detat-du-vietnam-en-visite-de-travail-en-france\/"},"author":{"name":"adminbaochi","@id":"https:\/\/ambassade-vietnam.com\/fr\/#\/schema\/person\/27c56a808973eb2c7fc8034d1004174d"},"headline":"Une d\u00e9l\u00e9gation de l&rsquo;Audit d&rsquo;\u00c9tat du Vietnam en visite de travail en France","datePublished":"2019-12-26T15:56:39+00:00","dateModified":"2019-12-26T15:58:22+00:00","mainEntityOfPage":{"@id":"https:\/\/ambassade-vietnam.com\/fr\/blog\/2019\/12\/26\/une-delegation-de-laudit-detat-du-vietnam-en-visite-de-travail-en-france\/"},"wordCount":412,"image":{"@id":"https:\/\/ambassade-vietnam.com\/fr\/blog\/2019\/12\/26\/une-delegation-de-laudit-detat-du-vietnam-en-visite-de-travail-en-france\/#primaryimage"},"thumbnailUrl":"https:\/\/ambassade-vietnam.com\/fr\/wp-content\/uploads\/sites\/1\/2019\/12\/Kiem-toan-300x168.jpg","articleSection":["Actualit\u00e9s"],"inLanguage":"fr-FR"},{"@type":"WebPage","@id":"https:\/\/ambassade-vietnam.com\/fr\/blog\/2019\/12\/26\/une-delegation-de-laudit-detat-du-vietnam-en-visite-de-travail-en-france\/","url":"https:\/\/ambassade-vietnam.com\/fr\/blog\/2019\/12\/26\/une-delegation-de-laudit-detat-du-vietnam-en-visite-de-travail-en-france\/","name":"Une d\u00e9l\u00e9gation de l'Audit d'\u00c9tat du Vietnam en visite de travail en France - Ambassade de la r\u00e9publique socialiste du Vietnam en France","isPartOf":{"@id":"https:\/\/ambassade-vietnam.com\/fr\/#website"},"primaryImageOfPage":{"@id":"https:\/\/ambassade-vietnam.com\/fr\/blog\/2019\/12\/26\/une-delegation-de-laudit-detat-du-vietnam-en-visite-de-travail-en-france\/#primaryimage"},"image":{"@id":"https:\/\/ambassade-vietnam.com\/fr\/blog\/2019\/12\/26\/une-delegation-de-laudit-detat-du-vietnam-en-visite-de-travail-en-france\/#primaryimage"},"thumbnailUrl":"https:\/\/ambassade-vietnam.com\/fr\/wp-content\/uploads\/sites\/1\/2019\/12\/Kiem-toan-300x168.jpg","datePublished":"2019-12-26T15:56:39+00:00","dateModified":"2019-12-26T15:58:22+00:00","author":{"@id":"https:\/\/ambassade-vietnam.com\/fr\/#\/schema\/person\/27c56a808973eb2c7fc8034d1004174d"},"breadcrumb":{"@id":"https:\/\/ambassade-vietnam.com\/fr\/blog\/2019\/12\/26\/une-delegation-de-laudit-detat-du-vietnam-en-visite-de-travail-en-france\/#breadcrumb"},"inLanguage":"fr-FR","potentialAction":[{"@type":"ReadAction","target":["https:\/\/ambassade-vietnam.com\/fr\/blog\/2019\/12\/26\/une-delegation-de-laudit-detat-du-vietnam-en-visite-de-travail-en-france\/"]}]},{"@type":"ImageObject","inLanguage":"fr-FR","@id":"https:\/\/ambassade-vietnam.com\/fr\/blog\/2019\/12\/26\/une-delegation-de-laudit-detat-du-vietnam-en-visite-de-travail-en-france\/#primaryimage","url":"https:\/\/ambassade-vietnam.com\/fr\/wp-content\/uploads\/sites\/1\/2019\/12\/Kiem-toan.jpg","contentUrl":"https:\/\/ambassade-vietnam.com\/fr\/wp-content\/uploads\/sites\/1\/2019\/12\/Kiem-toan.jpg","width":438,"height":246},{"@type":"BreadcrumbList","@id":"https:\/\/ambassade-vietnam.com\/fr\/blog\/2019\/12\/26\/une-delegation-de-laudit-detat-du-vietnam-en-visite-de-travail-en-france\/#breadcrumb","itemListElement":[{"@type":"ListItem","position":1,"name":"Home","item":"https:\/\/ambassade-vietnam.com\/fr\/"},{"@type":"ListItem","position":2,"name":"Une d\u00e9l\u00e9gation de l&rsquo;Audit d&rsquo;\u00c9tat du Vietnam en visite de travail en France"}]},{"@type":"WebSite","@id":"https:\/\/ambassade-vietnam.com\/fr\/#website","url":"https:\/\/ambassade-vietnam.com\/fr\/","name":"Ambassade de la r\u00e9publique socialiste du Vietnam en France","description":"","potentialAction":[{"@type":"SearchAction","target":{"@type":"EntryPoint","urlTemplate":"https:\/\/ambassade-vietnam.com\/fr\/?s={search_term_string}"},"query-input":{"@type":"PropertyValueSpecification","valueRequired":true,"valueName":"search_term_string"}}],"inLanguage":"fr-FR"},{"@type":"Person","@id":"https:\/\/ambassade-vietnam.com\/fr\/#\/schema\/person\/27c56a808973eb2c7fc8034d1004174d","name":"adminbaochi","image":{"@type":"ImageObject","inLanguage":"fr-FR","@id":"https:\/\/secure.gravatar.com\/avatar\/938c488c3aab740fe28d828bce1628575e0f8b8a17254777ffea4cd2dca2163d?s=96&d=mm&r=g","url":"https:\/\/secure.gravatar.com\/avatar\/938c488c3aab740fe28d828bce1628575e0f8b8a17254777ffea4cd2dca2163d?s=96&d=mm&r=g","contentUrl":"https:\/\/secure.gravatar.com\/avatar\/938c488c3aab740fe28d828bce1628575e0f8b8a17254777ffea4cd2dca2163d?s=96&d=mm&r=g","caption":"adminbaochi"},"url":"https:\/\/ambassade-vietnam.com\/fr\/blog\/author\/adminbaochi\/"}]}},"_links":{"self":[{"href":"https:\/\/ambassade-vietnam.com\/fr\/wp-json\/wp\/v2\/posts\/583","targetHints":{"allow":["GET"]}}],"collection":[{"href":"https:\/\/ambassade-vietnam.com\/fr\/wp-json\/wp\/v2\/posts"}],"about":[{"href":"https:\/\/ambassade-vietnam.com\/fr\/wp-json\/wp\/v2\/types\/post"}],"author":[{"embeddable":true,"href":"https:\/\/ambassade-vietnam.com\/fr\/wp-json\/wp\/v2\/users\/1420"}],"replies":[{"embeddable":true,"href":"https:\/\/ambassade-vietnam.com\/fr\/wp-json\/wp\/v2\/comments?post=583"}],"version-history":[{"count":2,"href":"https:\/\/ambassade-vietnam.com\/fr\/wp-json\/wp\/v2\/posts\/583\/revisions"}],"predecessor-version":[{"id":586,"href":"https:\/\/ambassade-vietnam.com\/fr\/wp-json\/wp\/v2\/posts\/583\/revisions\/586"}],"wp:attachment":[{"href":"https:\/\/ambassade-vietnam.com\/fr\/wp-json\/wp\/v2\/media?parent=583"}],"wp:term":[{"taxonomy":"category","embeddable":true,"href":"https:\/\/ambassade-vietnam.com\/fr\/wp-json\/wp\/v2\/categories?post=583"},{"taxonomy":"post_tag","embeddable":true,"href":"https:\/\/ambassade-vietnam.com\/fr\/wp-json\/wp\/v2\/tags?post=583"}],"curies":[{"name":"wp","href":"https:\/\/api.w.org\/{rel}","templated":true}]}}