{"id":57,"date":"2019-08-01T10:15:54","date_gmt":"2019-08-01T08:15:54","guid":{"rendered":"https:\/\/ambassade-vietnam.com\/?p=57"},"modified":"2019-08-01T10:15:54","modified_gmt":"2019-08-01T08:15:54","slug":"lambassadeur-du-viet-nam-en-france-nguyen-thiep-presente-ses-lettres-de-creance-au-president-francais-emmanuel-macron","status":"publish","type":"post","link":"https:\/\/ambassade-vietnam.com\/fr\/blog\/2019\/08\/01\/lambassadeur-du-viet-nam-en-france-nguyen-thiep-presente-ses-lettres-de-creance-au-president-francais-emmanuel-macron\/","title":{"rendered":"L\u2019Ambassadeur du Viet Nam en France NGUYEN Thiep pr\u00e9sente ses lettres de cr\u00e9ance au Pr\u00e9sident fran\u00e7ais Emmanuel MACRON"},"content":{"rendered":"<p>Le 31 ao\u00fbt 2018, l\u2019Ambassadeur du Viet Nam en France NGUYEN Thiep a pr\u00e9sent\u00e9 ses lettres de cr\u00e9ance au Pr\u00e9sident de la R\u00e9publique fran\u00e7aise Emmanuel MACRON.<\/p>\n<p>Durant l\u2019entretien \u00e0 l\u2019issue de la remise des lettres de cr\u00e9ance, le Pr\u00e9sident Emmanuel MACRON a f\u00e9licit\u00e9 l\u2019Ambassadeur NGUYEN Thiep d\u2019\u00eatre nomm\u00e9 l\u2019Ambassadeur extraordinaire et pl\u00e9nipotentiaire de la R\u00e9publique Socialiste du Viet Nam en R\u00e9publique Fran\u00e7aise et s\u2019est r\u00e9jouit des avanc\u00e9es rapides et positives des relations d\u2019amiti\u00e9 et de coop\u00e9ration entre le Viet Nam et la France, notamment apr\u00e8s la visite officielle en France en mars 2018 de S.E.M NGUYEN Phu Trong, Secr\u00e9taire G\u00e9n\u00e9ral du Parti communiste du Viet Nam. Le Pr\u00e9sident de la R\u00e9publique Fran\u00e7aise a appr\u00e9ci\u00e9 le r\u00f4le grandissant que joue le Viet Nam dans la r\u00e9gion et dans le monde et soulign\u00e9 des convergences en termes de position et d\u2019int\u00e9r\u00eats des deux pays \u00e0 l\u2019\u00e9gard des questions r\u00e9gionales et internationales. Il a \u00e9galement exprim\u00e9 son souhait de renforcer la coop\u00e9ration franco-vietnamienne dans le cadre de la Francophonie. Il a r\u00e9affirm\u00e9 qu\u2019il visiterait le Viet Nam l\u2019ann\u00e9e prochaine.<\/p>\n<p>L\u2019Ambassadeur du Vietnam NGUYEN Thiep a exprim\u00e9 sa fiert\u00e9 et son honneur d'\u00eatre nomm\u00e9 l\u2019Ambassadeur du Viet Nam en France - un pays qui a des relations historiques et culturelles de longue date avec le Viet Nam. Il a soulign\u00e9 que la visite officielle en France en mars 2018 du Secr\u00e9taire G\u00e9n\u00e9ral du Parti communiste du Viet Nam NGUYEN Phu Trong avait ouvert une nouvelle \u00e9tape pour le Partenariat strat\u00e9gique Viet Nam \u2013 France, approfondi les relations de coop\u00e9ration dans les domaines \u00e9conomique, commercial, de d\u00e9fense et de s\u00e9curit\u00e9, de la francophonie, et ouvert un nouveau secteur de coop\u00e9ration qu\u2019est le e-gouvernement. L\u2019Ambassadeur NGUYEN Thiep a affirm\u00e9 que le Viet Nam poursuit avec d\u00e9termination la politique ext\u00e9rieure ind\u00e9pendante, autonome, de diversification et multilat\u00e9ralisation qui respecte le multilat\u00e9ralisme et le droit international, soutient la lib\u00e9ralisation du commerce international, la lutte contre les changements climatiques, la non-prolif\u00e9ration des armes de destruction massive. Il a \u00e9galement exprim\u00e9 son souhait que le Pr\u00e9sident de la R\u00e9publique Fran\u00e7aise continue sa sympathie vis-\u00e0-vis du Viet Nam ainsi que son soutien aux efforts de d\u00e9veloppement et d\u2019int\u00e9gration internationale de ce pays.<\/p>\n<p>Le Viet Nam et la France ont \u00e9tabli le Partenariat strat\u00e9gique depuis 2013. En 2017, les \u00e9changes commerciaux entre les deux pays ont atteint plus de 4,62 milliards de dollars am\u00e9ricains. Jusqu\u2019\u00e0 maintenant, il y a plus de 500 projets d\u2019investissement fran\u00e7ais au Viet Nam avec un montant total de plus de 2,8 milliards de dollars. La communaut\u00e9 vietnamienne en France compte plus de 300.000 personnes. Il s\u2019agit d\u2019une communaut\u00e9 de longue date, bien int\u00e9gr\u00e9e et bien respect\u00e9e en France. Plus de 7.000 \u00e9tudiants vietnamiens font \u00e0 l\u2019heure actuelle leurs \u00e9tudes en France.<\/p>\n<p>Le m\u00eame jour, ont \u00e9galement pr\u00e9sent\u00e9 au Pr\u00e9sident fran\u00e7ais les lettres de cr\u00e9ance les Ambassadeurs de 19 autres pays, dont la R\u00e9publique de Cor\u00e9e, la R\u00e9publique de l\u2019Union de Myanmar, la R\u00e9publique italienne, la R\u00e9publique de Finlande, la R\u00e9publique hell\u00e9nique, la R\u00e9publique d\u2019Angola, la R\u00e9publique argentine, la R\u00e9publique d\u2019Angola, la R\u00e9publique du Mali, etc.<\/p>\n","protected":false},"excerpt":{"rendered":"<p>Le 31 ao\u00fbt 2018, l\u2019Ambassadeur du Viet Nam en France NGUYEN Thiep a pr\u00e9sent\u00e9 ses lettres de cr\u00e9ance au Pr\u00e9sident de la R\u00e9publique fran\u00e7aise Emmanuel MACRON. Durant l\u2019entretien \u00e0 l\u2019issue de la remise des lettres de cr\u00e9ance, le Pr\u00e9sident Emmanuel MACRON a f\u00e9licit\u00e9 l\u2019Ambassadeur NGUYEN Thiep d\u2019\u00eatre nomm\u00e9 l\u2019Ambassadeur extraordinaire et pl\u00e9nipotentiaire de la R\u00e9publique [&hellip;]<\/p>\n","protected":false},"author":1,"featured_media":0,"comment_status":"open","ping_status":"open","sticky":false,"template":"","format":"standard","meta":{"footnotes":""},"categories":[1],"tags":[],"class_list":["post-57","post","type-post","status-publish","format-standard","hentry","category-actualites"],"yoast_head":"<!-- This site is optimized with the Yoast SEO plugin v27.5 - https:\/\/yoast.com\/product\/yoast-seo-wordpress\/ -->\n<title>L\u2019Ambassadeur du Viet Nam en France NGUYEN Thiep pr\u00e9sente ses lettres de cr\u00e9ance au Pr\u00e9sident fran\u00e7ais Emmanuel MACRON - Ambassade de la r\u00e9publique socialiste du Vietnam en France<\/title>\n<meta name=\"robots\" content=\"index, follow, max-snippet:-1, max-image-preview:large, max-video-preview:-1\" \/>\n<link rel=\"canonical\" href=\"https:\/\/ambassade-vietnam.com\/fr\/blog\/2019\/08\/01\/lambassadeur-du-viet-nam-en-france-nguyen-thiep-presente-ses-lettres-de-creance-au-president-francais-emmanuel-macron\/\" \/>\n<meta property=\"og:locale\" content=\"fr_FR\" \/>\n<meta property=\"og:type\" content=\"article\" \/>\n<meta property=\"og:title\" content=\"L\u2019Ambassadeur du Viet Nam en France NGUYEN Thiep pr\u00e9sente ses lettres de cr\u00e9ance au Pr\u00e9sident fran\u00e7ais Emmanuel MACRON - Ambassade de la r\u00e9publique socialiste du Vietnam en France\" \/>\n<meta property=\"og:description\" content=\"Le 31 ao\u00fbt 2018, l\u2019Ambassadeur du Viet Nam en France NGUYEN Thiep a pr\u00e9sent\u00e9 ses lettres de cr\u00e9ance au Pr\u00e9sident de la R\u00e9publique fran\u00e7aise Emmanuel MACRON. Durant l\u2019entretien \u00e0 l\u2019issue de la remise des lettres de cr\u00e9ance, le Pr\u00e9sident Emmanuel MACRON a f\u00e9licit\u00e9 l\u2019Ambassadeur NGUYEN Thiep d\u2019\u00eatre nomm\u00e9 l\u2019Ambassadeur extraordinaire et pl\u00e9nipotentiaire de la R\u00e9publique [&hellip;]\" \/>\n<meta property=\"og:url\" content=\"https:\/\/ambassade-vietnam.com\/fr\/blog\/2019\/08\/01\/lambassadeur-du-viet-nam-en-france-nguyen-thiep-presente-ses-lettres-de-creance-au-president-francais-emmanuel-macron\/\" \/>\n<meta property=\"og:site_name\" content=\"Ambassade de la r\u00e9publique socialiste du Vietnam en France\" \/>\n<meta property=\"article:published_time\" content=\"2019-08-01T08:15:54+00:00\" \/>\n<meta name=\"author\" content=\"sutunam\" \/>\n<meta name=\"twitter:card\" content=\"summary_large_image\" \/>\n<script type=\"application\/ld+json\" class=\"yoast-schema-graph\">{\"@context\":\"https:\\\/\\\/schema.org\",\"@graph\":[{\"@type\":\"Article\",\"@id\":\"https:\\\/\\\/ambassade-vietnam.com\\\/fr\\\/blog\\\/2019\\\/08\\\/01\\\/lambassadeur-du-viet-nam-en-france-nguyen-thiep-presente-ses-lettres-de-creance-au-president-francais-emmanuel-macron\\\/#article\",\"isPartOf\":{\"@id\":\"https:\\\/\\\/ambassade-vietnam.com\\\/fr\\\/blog\\\/2019\\\/08\\\/01\\\/lambassadeur-du-viet-nam-en-france-nguyen-thiep-presente-ses-lettres-de-creance-au-president-francais-emmanuel-macron\\\/\"},\"author\":{\"name\":\"sutunam\",\"@id\":\"https:\\\/\\\/ambassade-vietnam.com\\\/fr\\\/#\\\/schema\\\/person\\\/20250e26d778a0b01bad452a2eb80df9\"},\"headline\":\"L\u2019Ambassadeur du Viet Nam en France NGUYEN Thiep pr\u00e9sente ses lettres de cr\u00e9ance au Pr\u00e9sident fran\u00e7ais Emmanuel MACRON\",\"datePublished\":\"2019-08-01T08:15:54+00:00\",\"mainEntityOfPage\":{\"@id\":\"https:\\\/\\\/ambassade-vietnam.com\\\/fr\\\/blog\\\/2019\\\/08\\\/01\\\/lambassadeur-du-viet-nam-en-france-nguyen-thiep-presente-ses-lettres-de-creance-au-president-francais-emmanuel-macron\\\/\"},\"wordCount\":616,\"commentCount\":0,\"articleSection\":[\"Actualit\u00e9s\"],\"inLanguage\":\"fr-FR\",\"potentialAction\":[{\"@type\":\"CommentAction\",\"name\":\"Comment\",\"target\":[\"https:\\\/\\\/ambassade-vietnam.com\\\/fr\\\/blog\\\/2019\\\/08\\\/01\\\/lambassadeur-du-viet-nam-en-france-nguyen-thiep-presente-ses-lettres-de-creance-au-president-francais-emmanuel-macron\\\/#respond\"]}]},{\"@type\":\"WebPage\",\"@id\":\"https:\\\/\\\/ambassade-vietnam.com\\\/fr\\\/blog\\\/2019\\\/08\\\/01\\\/lambassadeur-du-viet-nam-en-france-nguyen-thiep-presente-ses-lettres-de-creance-au-president-francais-emmanuel-macron\\\/\",\"url\":\"https:\\\/\\\/ambassade-vietnam.com\\\/fr\\\/blog\\\/2019\\\/08\\\/01\\\/lambassadeur-du-viet-nam-en-france-nguyen-thiep-presente-ses-lettres-de-creance-au-president-francais-emmanuel-macron\\\/\",\"name\":\"L\u2019Ambassadeur du Viet Nam en France NGUYEN Thiep pr\u00e9sente ses lettres de cr\u00e9ance au Pr\u00e9sident fran\u00e7ais Emmanuel MACRON - Ambassade de la r\u00e9publique socialiste du Vietnam en France\",\"isPartOf\":{\"@id\":\"https:\\\/\\\/ambassade-vietnam.com\\\/fr\\\/#website\"},\"datePublished\":\"2019-08-01T08:15:54+00:00\",\"author\":{\"@id\":\"https:\\\/\\\/ambassade-vietnam.com\\\/fr\\\/#\\\/schema\\\/person\\\/20250e26d778a0b01bad452a2eb80df9\"},\"breadcrumb\":{\"@id\":\"https:\\\/\\\/ambassade-vietnam.com\\\/fr\\\/blog\\\/2019\\\/08\\\/01\\\/lambassadeur-du-viet-nam-en-france-nguyen-thiep-presente-ses-lettres-de-creance-au-president-francais-emmanuel-macron\\\/#breadcrumb\"},\"inLanguage\":\"fr-FR\",\"potentialAction\":[{\"@type\":\"ReadAction\",\"target\":[\"https:\\\/\\\/ambassade-vietnam.com\\\/fr\\\/blog\\\/2019\\\/08\\\/01\\\/lambassadeur-du-viet-nam-en-france-nguyen-thiep-presente-ses-lettres-de-creance-au-president-francais-emmanuel-macron\\\/\"]}]},{\"@type\":\"BreadcrumbList\",\"@id\":\"https:\\\/\\\/ambassade-vietnam.com\\\/fr\\\/blog\\\/2019\\\/08\\\/01\\\/lambassadeur-du-viet-nam-en-france-nguyen-thiep-presente-ses-lettres-de-creance-au-president-francais-emmanuel-macron\\\/#breadcrumb\",\"itemListElement\":[{\"@type\":\"ListItem\",\"position\":1,\"name\":\"Home\",\"item\":\"https:\\\/\\\/ambassade-vietnam.com\\\/fr\\\/\"},{\"@type\":\"ListItem\",\"position\":2,\"name\":\"L\u2019Ambassadeur du Viet Nam en France NGUYEN Thiep pr\u00e9sente ses lettres de cr\u00e9ance au Pr\u00e9sident fran\u00e7ais Emmanuel MACRON\"}]},{\"@type\":\"WebSite\",\"@id\":\"https:\\\/\\\/ambassade-vietnam.com\\\/fr\\\/#website\",\"url\":\"https:\\\/\\\/ambassade-vietnam.com\\\/fr\\\/\",\"name\":\"Ambassade de la r\u00e9publique socialiste du Vietnam en France\",\"description\":\"\",\"potentialAction\":[{\"@type\":\"SearchAction\",\"target\":{\"@type\":\"EntryPoint\",\"urlTemplate\":\"https:\\\/\\\/ambassade-vietnam.com\\\/fr\\\/?s={search_term_string}\"},\"query-input\":{\"@type\":\"PropertyValueSpecification\",\"valueRequired\":true,\"valueName\":\"search_term_string\"}}],\"inLanguage\":\"fr-FR\"},{\"@type\":\"Person\",\"@id\":\"https:\\\/\\\/ambassade-vietnam.com\\\/fr\\\/#\\\/schema\\\/person\\\/20250e26d778a0b01bad452a2eb80df9\",\"name\":\"sutunam\",\"image\":{\"@type\":\"ImageObject\",\"inLanguage\":\"fr-FR\",\"@id\":\"https:\\\/\\\/secure.gravatar.com\\\/avatar\\\/5f4fabdbc72b49abf0d7ab9a147525c4e1cc91b52d14077e0f984eff0599c111?s=96&d=mm&r=g\",\"url\":\"https:\\\/\\\/secure.gravatar.com\\\/avatar\\\/5f4fabdbc72b49abf0d7ab9a147525c4e1cc91b52d14077e0f984eff0599c111?s=96&d=mm&r=g\",\"contentUrl\":\"https:\\\/\\\/secure.gravatar.com\\\/avatar\\\/5f4fabdbc72b49abf0d7ab9a147525c4e1cc91b52d14077e0f984eff0599c111?s=96&d=mm&r=g\",\"caption\":\"sutunam\"},\"url\":\"https:\\\/\\\/ambassade-vietnam.com\\\/fr\\\/blog\\\/author\\\/sutunam\\\/\"}]}<\/script>\n<!-- \/ Yoast SEO plugin. -->","yoast_head_json":{"title":"L\u2019Ambassadeur du Viet Nam en France NGUYEN Thiep pr\u00e9sente ses lettres de cr\u00e9ance au Pr\u00e9sident fran\u00e7ais Emmanuel MACRON - Ambassade de la r\u00e9publique socialiste du Vietnam en France","robots":{"index":"index","follow":"follow","max-snippet":"max-snippet:-1","max-image-preview":"max-image-preview:large","max-video-preview":"max-video-preview:-1"},"canonical":"https:\/\/ambassade-vietnam.com\/fr\/blog\/2019\/08\/01\/lambassadeur-du-viet-nam-en-france-nguyen-thiep-presente-ses-lettres-de-creance-au-president-francais-emmanuel-macron\/","og_locale":"fr_FR","og_type":"article","og_title":"L\u2019Ambassadeur du Viet Nam en France NGUYEN Thiep pr\u00e9sente ses lettres de cr\u00e9ance au Pr\u00e9sident fran\u00e7ais Emmanuel MACRON - Ambassade de la r\u00e9publique socialiste du Vietnam en France","og_description":"Le 31 ao\u00fbt 2018, l\u2019Ambassadeur du Viet Nam en France NGUYEN Thiep a pr\u00e9sent\u00e9 ses lettres de cr\u00e9ance au Pr\u00e9sident de la R\u00e9publique fran\u00e7aise Emmanuel MACRON. Durant l\u2019entretien \u00e0 l\u2019issue de la remise des lettres de cr\u00e9ance, le Pr\u00e9sident Emmanuel MACRON a f\u00e9licit\u00e9 l\u2019Ambassadeur NGUYEN Thiep d\u2019\u00eatre nomm\u00e9 l\u2019Ambassadeur extraordinaire et pl\u00e9nipotentiaire de la R\u00e9publique [&hellip;]","og_url":"https:\/\/ambassade-vietnam.com\/fr\/blog\/2019\/08\/01\/lambassadeur-du-viet-nam-en-france-nguyen-thiep-presente-ses-lettres-de-creance-au-president-francais-emmanuel-macron\/","og_site_name":"Ambassade de la r\u00e9publique socialiste du Vietnam en France","article_published_time":"2019-08-01T08:15:54+00:00","author":"sutunam","twitter_card":"summary_large_image","schema":{"@context":"https:\/\/schema.org","@graph":[{"@type":"Article","@id":"https:\/\/ambassade-vietnam.com\/fr\/blog\/2019\/08\/01\/lambassadeur-du-viet-nam-en-france-nguyen-thiep-presente-ses-lettres-de-creance-au-president-francais-emmanuel-macron\/#article","isPartOf":{"@id":"https:\/\/ambassade-vietnam.com\/fr\/blog\/2019\/08\/01\/lambassadeur-du-viet-nam-en-france-nguyen-thiep-presente-ses-lettres-de-creance-au-president-francais-emmanuel-macron\/"},"author":{"name":"sutunam","@id":"https:\/\/ambassade-vietnam.com\/fr\/#\/schema\/person\/20250e26d778a0b01bad452a2eb80df9"},"headline":"L\u2019Ambassadeur du Viet Nam en France NGUYEN Thiep pr\u00e9sente ses lettres de cr\u00e9ance au Pr\u00e9sident fran\u00e7ais Emmanuel MACRON","datePublished":"2019-08-01T08:15:54+00:00","mainEntityOfPage":{"@id":"https:\/\/ambassade-vietnam.com\/fr\/blog\/2019\/08\/01\/lambassadeur-du-viet-nam-en-france-nguyen-thiep-presente-ses-lettres-de-creance-au-president-francais-emmanuel-macron\/"},"wordCount":616,"commentCount":0,"articleSection":["Actualit\u00e9s"],"inLanguage":"fr-FR","potentialAction":[{"@type":"CommentAction","name":"Comment","target":["https:\/\/ambassade-vietnam.com\/fr\/blog\/2019\/08\/01\/lambassadeur-du-viet-nam-en-france-nguyen-thiep-presente-ses-lettres-de-creance-au-president-francais-emmanuel-macron\/#respond"]}]},{"@type":"WebPage","@id":"https:\/\/ambassade-vietnam.com\/fr\/blog\/2019\/08\/01\/lambassadeur-du-viet-nam-en-france-nguyen-thiep-presente-ses-lettres-de-creance-au-president-francais-emmanuel-macron\/","url":"https:\/\/ambassade-vietnam.com\/fr\/blog\/2019\/08\/01\/lambassadeur-du-viet-nam-en-france-nguyen-thiep-presente-ses-lettres-de-creance-au-president-francais-emmanuel-macron\/","name":"L\u2019Ambassadeur du Viet Nam en France NGUYEN Thiep pr\u00e9sente ses lettres de cr\u00e9ance au Pr\u00e9sident fran\u00e7ais Emmanuel MACRON - Ambassade de la r\u00e9publique socialiste du Vietnam en France","isPartOf":{"@id":"https:\/\/ambassade-vietnam.com\/fr\/#website"},"datePublished":"2019-08-01T08:15:54+00:00","author":{"@id":"https:\/\/ambassade-vietnam.com\/fr\/#\/schema\/person\/20250e26d778a0b01bad452a2eb80df9"},"breadcrumb":{"@id":"https:\/\/ambassade-vietnam.com\/fr\/blog\/2019\/08\/01\/lambassadeur-du-viet-nam-en-france-nguyen-thiep-presente-ses-lettres-de-creance-au-president-francais-emmanuel-macron\/#breadcrumb"},"inLanguage":"fr-FR","potentialAction":[{"@type":"ReadAction","target":["https:\/\/ambassade-vietnam.com\/fr\/blog\/2019\/08\/01\/lambassadeur-du-viet-nam-en-france-nguyen-thiep-presente-ses-lettres-de-creance-au-president-francais-emmanuel-macron\/"]}]},{"@type":"BreadcrumbList","@id":"https:\/\/ambassade-vietnam.com\/fr\/blog\/2019\/08\/01\/lambassadeur-du-viet-nam-en-france-nguyen-thiep-presente-ses-lettres-de-creance-au-president-francais-emmanuel-macron\/#breadcrumb","itemListElement":[{"@type":"ListItem","position":1,"name":"Home","item":"https:\/\/ambassade-vietnam.com\/fr\/"},{"@type":"ListItem","position":2,"name":"L\u2019Ambassadeur du Viet Nam en France NGUYEN Thiep pr\u00e9sente ses lettres de cr\u00e9ance au Pr\u00e9sident fran\u00e7ais Emmanuel MACRON"}]},{"@type":"WebSite","@id":"https:\/\/ambassade-vietnam.com\/fr\/#website","url":"https:\/\/ambassade-vietnam.com\/fr\/","name":"Ambassade de la r\u00e9publique socialiste du Vietnam en France","description":"","potentialAction":[{"@type":"SearchAction","target":{"@type":"EntryPoint","urlTemplate":"https:\/\/ambassade-vietnam.com\/fr\/?s={search_term_string}"},"query-input":{"@type":"PropertyValueSpecification","valueRequired":true,"valueName":"search_term_string"}}],"inLanguage":"fr-FR"},{"@type":"Person","@id":"https:\/\/ambassade-vietnam.com\/fr\/#\/schema\/person\/20250e26d778a0b01bad452a2eb80df9","name":"sutunam","image":{"@type":"ImageObject","inLanguage":"fr-FR","@id":"https:\/\/secure.gravatar.com\/avatar\/5f4fabdbc72b49abf0d7ab9a147525c4e1cc91b52d14077e0f984eff0599c111?s=96&d=mm&r=g","url":"https:\/\/secure.gravatar.com\/avatar\/5f4fabdbc72b49abf0d7ab9a147525c4e1cc91b52d14077e0f984eff0599c111?s=96&d=mm&r=g","contentUrl":"https:\/\/secure.gravatar.com\/avatar\/5f4fabdbc72b49abf0d7ab9a147525c4e1cc91b52d14077e0f984eff0599c111?s=96&d=mm&r=g","caption":"sutunam"},"url":"https:\/\/ambassade-vietnam.com\/fr\/blog\/author\/sutunam\/"}]}},"_links":{"self":[{"href":"https:\/\/ambassade-vietnam.com\/fr\/wp-json\/wp\/v2\/posts\/57","targetHints":{"allow":["GET"]}}],"collection":[{"href":"https:\/\/ambassade-vietnam.com\/fr\/wp-json\/wp\/v2\/posts"}],"about":[{"href":"https:\/\/ambassade-vietnam.com\/fr\/wp-json\/wp\/v2\/types\/post"}],"author":[{"embeddable":true,"href":"https:\/\/ambassade-vietnam.com\/fr\/wp-json\/wp\/v2\/users\/1"}],"replies":[{"embeddable":true,"href":"https:\/\/ambassade-vietnam.com\/fr\/wp-json\/wp\/v2\/comments?post=57"}],"version-history":[{"count":1,"href":"https:\/\/ambassade-vietnam.com\/fr\/wp-json\/wp\/v2\/posts\/57\/revisions"}],"predecessor-version":[{"id":58,"href":"https:\/\/ambassade-vietnam.com\/fr\/wp-json\/wp\/v2\/posts\/57\/revisions\/58"}],"wp:attachment":[{"href":"https:\/\/ambassade-vietnam.com\/fr\/wp-json\/wp\/v2\/media?parent=57"}],"wp:term":[{"taxonomy":"category","embeddable":true,"href":"https:\/\/ambassade-vietnam.com\/fr\/wp-json\/wp\/v2\/categories?post=57"},{"taxonomy":"post_tag","embeddable":true,"href":"https:\/\/ambassade-vietnam.com\/fr\/wp-json\/wp\/v2\/tags?post=57"}],"curies":[{"name":"wp","href":"https:\/\/api.w.org\/{rel}","templated":true}]}}