{"id":476,"date":"2019-12-12T17:07:36","date_gmt":"2019-12-12T16:07:36","guid":{"rendered":"https:\/\/ambassade-vietnam.com\/fr\/?p=476"},"modified":"2019-12-12T17:07:36","modified_gmt":"2019-12-12T16:07:36","slug":"le-vietnam-et-la-france-soulignent-les-avantages-de-levfta","status":"publish","type":"post","link":"https:\/\/ambassade-vietnam.com\/fr\/blog\/2019\/12\/12\/le-vietnam-et-la-france-soulignent-les-avantages-de-levfta\/","title":{"rendered":"Le Vietnam et la France soulignent les avantages de l\u2019EVFTA"},"content":{"rendered":"<p><img loading=\"lazy\" decoding=\"async\" class=\"alignnone size-medium wp-image-475\" src=\"https:\/\/ambassade-vietnam.com\/fr\/wp-content\/uploads\/sites\/1\/2019\/12\/vna_potal_doi_thoai_cap_cao_thuong_nien_ve_kinh_te_phap__viet_nam_070755525_stand-300x225.jpg\" alt=\"\" width=\"300\" height=\"225\" srcset=\"https:\/\/ambassade-vietnam.com\/fr\/wp-content\/uploads\/sites\/1\/2019\/12\/vna_potal_doi_thoai_cap_cao_thuong_nien_ve_kinh_te_phap__viet_nam_070755525_stand-300x225.jpg 300w, https:\/\/ambassade-vietnam.com\/fr\/wp-content\/uploads\/sites\/1\/2019\/12\/vna_potal_doi_thoai_cap_cao_thuong_nien_ve_kinh_te_phap__viet_nam_070755525_stand.jpg 665w\" sizes=\"auto, (max-width: 300px) 100vw, 300px\" \/><\/p>\n<p><strong>Le 6e Dialogue \u00e9conomique annuel de haut niveau entre la France et Vietnam s'est tenu le 4 novembre \u00e0 Paris, en France.<\/strong><\/p>\n<p>Le Vietnam et la France ont soulign\u00e9 les avantages de l\u2019accord de libre-\u00e9change entre le Vietnam et l\u2019Union europ\u00e9enne (EVFTA) sign\u00e9 en juin dernier pour la promotion des liens \u00e9conomiques franco-vietnamiens, lors d\u2019un dialogue tenu lundi 4 novembre \u00e0 Paris.<\/p>\n<p>Le vice-ministre vietnamien du Plan et de l\u2019Investissement, Vu Dai Thang, et le secr\u00e9taire d\u2019Etat aupr\u00e8s du ministre fran\u00e7ais de l'Europe et des Affaires \u00e9trang\u00e8res, Jean-Baptiste Lemoyne, ont co-pr\u00e9sid\u00e9 le 6e\u00a0Dialogue \u00e9conomique annuel de haut niveau entre la France et le Vietnam.<\/p>\n<p>Ils ont d\u00e9clar\u00e9 se r\u00e9jouir du dynamisme des relations commerciales entre les deux pays, avec un chiffre d'affaires de 6,65 milliards d'euros en 2018. Ils ont discut\u00e9 des projets fran\u00e7ais au Vietnam, qui illustraient la volont\u00e9 des deux pays de renforcer leur coop\u00e9ration \u00e9conomique.<\/p>\n<p>Un certain nombre de projets au Vietnam b\u00e9n\u00e9ficient d'aides publiques au d\u00e9veloppement (APD) fran\u00e7aises, avec un capital engag\u00e9 de plus de 2 milliards d'euros sur ces 10 derni\u00e8res ann\u00e9es. Parmi ces projets b\u00e9n\u00e9ficiaires, celui de la ligne ferroviaire urbaine exp\u00e9rimentale de Hano\u00ef (N\u00b03) symbolise la coop\u00e9ration franco-vietnamienne.<\/p>\n<p>Les APD fran\u00e7aises sont vers\u00e9es dans les domaines des transports, de l\u2019\u00e9nergie, de l\u2019environnement et plus particuli\u00e8rement, de l\u2019agroalimentaire, qui constituent des secteurs strat\u00e9giques pour le Vietnam dans les prochaines ann\u00e9es. La France est toujours pr\u00eate \u00e0 partager son exp\u00e9rience dans ces domaines avec le Vietnam.<\/p>\n<p>Lors d\u2019un forum d\u2019entreprises organis\u00e9 le m\u00eame jour en pr\u00e9sence de grands groupes des deux pays, le vice-ministre Vu Dai Thang a affirm\u00e9 que les relations entre le Vietnam et la France \u00e9taient au meilleur stade de d\u00e9veloppement depuis que les deux pays avaient sign\u00e9 la D\u00e9claration commune sur le partenariat strat\u00e9gique en 2013.<\/p>\n<p>Le Vietnam est le deuxi\u00e8me pays de l\u2019ASEAN et le premier pays en d\u00e9veloppement de l\u2019Asie \u00e0 signer un accord de libre-\u00e9change et un accord de protection des investissements avec l\u2019UE.<\/p>\n<p>L\u2019EVFTA, qui permettra \u00e0 terme de supprimer 99% des droits de douane sur les biens entre les deux parties, apportera de nouvelles opportunit\u00e9s \u00e0 la coop\u00e9ration franco-vietnamienne. -VNA<\/p>\n","protected":false},"excerpt":{"rendered":"<p>Le 6e Dialogue \u00e9conomique annuel de haut niveau entre la France et Vietnam s&rsquo;est tenu le 4 novembre \u00e0 Paris, en France. Le Vietnam et la France ont soulign\u00e9 les avantages de l\u2019accord de libre-\u00e9change entre le Vietnam et l\u2019Union europ\u00e9enne (EVFTA) sign\u00e9 en juin dernier pour la promotion des liens \u00e9conomiques franco-vietnamiens, lors d\u2019un [&hellip;]<\/p>\n","protected":false},"author":1420,"featured_media":0,"comment_status":"closed","ping_status":"open","sticky":false,"template":"","format":"standard","meta":{"footnotes":""},"categories":[1],"tags":[],"class_list":["post-476","post","type-post","status-publish","format-standard","hentry","category-actualites"],"yoast_head":"<!-- This site is optimized with the Yoast SEO plugin v27.5 - https:\/\/yoast.com\/product\/yoast-seo-wordpress\/ -->\n<title>Le Vietnam et la France soulignent les avantages de l\u2019EVFTA - Ambassade de la r\u00e9publique socialiste du Vietnam en France<\/title>\n<meta name=\"robots\" content=\"index, follow, max-snippet:-1, max-image-preview:large, max-video-preview:-1\" \/>\n<link rel=\"canonical\" href=\"https:\/\/ambassade-vietnam.com\/fr\/blog\/2019\/12\/12\/le-vietnam-et-la-france-soulignent-les-avantages-de-levfta\/\" \/>\n<meta property=\"og:locale\" content=\"fr_FR\" \/>\n<meta property=\"og:type\" content=\"article\" \/>\n<meta property=\"og:title\" content=\"Le Vietnam et la France soulignent les avantages de l\u2019EVFTA - Ambassade de la r\u00e9publique socialiste du Vietnam en France\" \/>\n<meta property=\"og:description\" content=\"Le 6e Dialogue \u00e9conomique annuel de haut niveau entre la France et Vietnam s&#039;est tenu le 4 novembre \u00e0 Paris, en France. Le Vietnam et la France ont soulign\u00e9 les avantages de l\u2019accord de libre-\u00e9change entre le Vietnam et l\u2019Union europ\u00e9enne (EVFTA) sign\u00e9 en juin dernier pour la promotion des liens \u00e9conomiques franco-vietnamiens, lors d\u2019un [&hellip;]\" \/>\n<meta property=\"og:url\" content=\"https:\/\/ambassade-vietnam.com\/fr\/blog\/2019\/12\/12\/le-vietnam-et-la-france-soulignent-les-avantages-de-levfta\/\" \/>\n<meta property=\"og:site_name\" content=\"Ambassade de la r\u00e9publique socialiste du Vietnam en France\" \/>\n<meta property=\"article:published_time\" content=\"2019-12-12T16:07:36+00:00\" \/>\n<meta property=\"og:image\" content=\"https:\/\/ambassade-vietnam.com\/fr\/wp-content\/uploads\/sites\/1\/2019\/12\/vna_potal_doi_thoai_cap_cao_thuong_nien_ve_kinh_te_phap__viet_nam_070755525_stand.jpg\" \/>\n\t<meta property=\"og:image:width\" content=\"665\" \/>\n\t<meta property=\"og:image:height\" content=\"499\" \/>\n\t<meta property=\"og:image:type\" content=\"image\/jpeg\" \/>\n<meta name=\"author\" content=\"adminbaochi\" \/>\n<meta name=\"twitter:card\" content=\"summary_large_image\" \/>\n<script type=\"application\/ld+json\" class=\"yoast-schema-graph\">{\"@context\":\"https:\\\/\\\/schema.org\",\"@graph\":[{\"@type\":\"Article\",\"@id\":\"https:\\\/\\\/ambassade-vietnam.com\\\/fr\\\/blog\\\/2019\\\/12\\\/12\\\/le-vietnam-et-la-france-soulignent-les-avantages-de-levfta\\\/#article\",\"isPartOf\":{\"@id\":\"https:\\\/\\\/ambassade-vietnam.com\\\/fr\\\/blog\\\/2019\\\/12\\\/12\\\/le-vietnam-et-la-france-soulignent-les-avantages-de-levfta\\\/\"},\"author\":{\"name\":\"adminbaochi\",\"@id\":\"https:\\\/\\\/ambassade-vietnam.com\\\/fr\\\/#\\\/schema\\\/person\\\/27c56a808973eb2c7fc8034d1004174d\"},\"headline\":\"Le Vietnam et la France soulignent les avantages de l\u2019EVFTA\",\"datePublished\":\"2019-12-12T16:07:36+00:00\",\"mainEntityOfPage\":{\"@id\":\"https:\\\/\\\/ambassade-vietnam.com\\\/fr\\\/blog\\\/2019\\\/12\\\/12\\\/le-vietnam-et-la-france-soulignent-les-avantages-de-levfta\\\/\"},\"wordCount\":410,\"image\":{\"@id\":\"https:\\\/\\\/ambassade-vietnam.com\\\/fr\\\/blog\\\/2019\\\/12\\\/12\\\/le-vietnam-et-la-france-soulignent-les-avantages-de-levfta\\\/#primaryimage\"},\"thumbnailUrl\":\"https:\\\/\\\/ambassade-vietnam.com\\\/fr\\\/wp-content\\\/uploads\\\/sites\\\/1\\\/2019\\\/12\\\/vna_potal_doi_thoai_cap_cao_thuong_nien_ve_kinh_te_phap__viet_nam_070755525_stand-300x225.jpg\",\"articleSection\":[\"Actualit\u00e9s\"],\"inLanguage\":\"fr-FR\"},{\"@type\":\"WebPage\",\"@id\":\"https:\\\/\\\/ambassade-vietnam.com\\\/fr\\\/blog\\\/2019\\\/12\\\/12\\\/le-vietnam-et-la-france-soulignent-les-avantages-de-levfta\\\/\",\"url\":\"https:\\\/\\\/ambassade-vietnam.com\\\/fr\\\/blog\\\/2019\\\/12\\\/12\\\/le-vietnam-et-la-france-soulignent-les-avantages-de-levfta\\\/\",\"name\":\"Le Vietnam et la France soulignent les avantages de l\u2019EVFTA - Ambassade de la r\u00e9publique socialiste du Vietnam en France\",\"isPartOf\":{\"@id\":\"https:\\\/\\\/ambassade-vietnam.com\\\/fr\\\/#website\"},\"primaryImageOfPage\":{\"@id\":\"https:\\\/\\\/ambassade-vietnam.com\\\/fr\\\/blog\\\/2019\\\/12\\\/12\\\/le-vietnam-et-la-france-soulignent-les-avantages-de-levfta\\\/#primaryimage\"},\"image\":{\"@id\":\"https:\\\/\\\/ambassade-vietnam.com\\\/fr\\\/blog\\\/2019\\\/12\\\/12\\\/le-vietnam-et-la-france-soulignent-les-avantages-de-levfta\\\/#primaryimage\"},\"thumbnailUrl\":\"https:\\\/\\\/ambassade-vietnam.com\\\/fr\\\/wp-content\\\/uploads\\\/sites\\\/1\\\/2019\\\/12\\\/vna_potal_doi_thoai_cap_cao_thuong_nien_ve_kinh_te_phap__viet_nam_070755525_stand-300x225.jpg\",\"datePublished\":\"2019-12-12T16:07:36+00:00\",\"author\":{\"@id\":\"https:\\\/\\\/ambassade-vietnam.com\\\/fr\\\/#\\\/schema\\\/person\\\/27c56a808973eb2c7fc8034d1004174d\"},\"breadcrumb\":{\"@id\":\"https:\\\/\\\/ambassade-vietnam.com\\\/fr\\\/blog\\\/2019\\\/12\\\/12\\\/le-vietnam-et-la-france-soulignent-les-avantages-de-levfta\\\/#breadcrumb\"},\"inLanguage\":\"fr-FR\",\"potentialAction\":[{\"@type\":\"ReadAction\",\"target\":[\"https:\\\/\\\/ambassade-vietnam.com\\\/fr\\\/blog\\\/2019\\\/12\\\/12\\\/le-vietnam-et-la-france-soulignent-les-avantages-de-levfta\\\/\"]}]},{\"@type\":\"ImageObject\",\"inLanguage\":\"fr-FR\",\"@id\":\"https:\\\/\\\/ambassade-vietnam.com\\\/fr\\\/blog\\\/2019\\\/12\\\/12\\\/le-vietnam-et-la-france-soulignent-les-avantages-de-levfta\\\/#primaryimage\",\"url\":\"https:\\\/\\\/ambassade-vietnam.com\\\/fr\\\/wp-content\\\/uploads\\\/sites\\\/1\\\/2019\\\/12\\\/vna_potal_doi_thoai_cap_cao_thuong_nien_ve_kinh_te_phap__viet_nam_070755525_stand.jpg\",\"contentUrl\":\"https:\\\/\\\/ambassade-vietnam.com\\\/fr\\\/wp-content\\\/uploads\\\/sites\\\/1\\\/2019\\\/12\\\/vna_potal_doi_thoai_cap_cao_thuong_nien_ve_kinh_te_phap__viet_nam_070755525_stand.jpg\",\"width\":665,\"height\":499},{\"@type\":\"BreadcrumbList\",\"@id\":\"https:\\\/\\\/ambassade-vietnam.com\\\/fr\\\/blog\\\/2019\\\/12\\\/12\\\/le-vietnam-et-la-france-soulignent-les-avantages-de-levfta\\\/#breadcrumb\",\"itemListElement\":[{\"@type\":\"ListItem\",\"position\":1,\"name\":\"Home\",\"item\":\"https:\\\/\\\/ambassade-vietnam.com\\\/fr\\\/\"},{\"@type\":\"ListItem\",\"position\":2,\"name\":\"Le Vietnam et la France soulignent les avantages de l\u2019EVFTA\"}]},{\"@type\":\"WebSite\",\"@id\":\"https:\\\/\\\/ambassade-vietnam.com\\\/fr\\\/#website\",\"url\":\"https:\\\/\\\/ambassade-vietnam.com\\\/fr\\\/\",\"name\":\"Ambassade de la r\u00e9publique socialiste du Vietnam en France\",\"description\":\"\",\"potentialAction\":[{\"@type\":\"SearchAction\",\"target\":{\"@type\":\"EntryPoint\",\"urlTemplate\":\"https:\\\/\\\/ambassade-vietnam.com\\\/fr\\\/?s={search_term_string}\"},\"query-input\":{\"@type\":\"PropertyValueSpecification\",\"valueRequired\":true,\"valueName\":\"search_term_string\"}}],\"inLanguage\":\"fr-FR\"},{\"@type\":\"Person\",\"@id\":\"https:\\\/\\\/ambassade-vietnam.com\\\/fr\\\/#\\\/schema\\\/person\\\/27c56a808973eb2c7fc8034d1004174d\",\"name\":\"adminbaochi\",\"image\":{\"@type\":\"ImageObject\",\"inLanguage\":\"fr-FR\",\"@id\":\"https:\\\/\\\/secure.gravatar.com\\\/avatar\\\/938c488c3aab740fe28d828bce1628575e0f8b8a17254777ffea4cd2dca2163d?s=96&d=mm&r=g\",\"url\":\"https:\\\/\\\/secure.gravatar.com\\\/avatar\\\/938c488c3aab740fe28d828bce1628575e0f8b8a17254777ffea4cd2dca2163d?s=96&d=mm&r=g\",\"contentUrl\":\"https:\\\/\\\/secure.gravatar.com\\\/avatar\\\/938c488c3aab740fe28d828bce1628575e0f8b8a17254777ffea4cd2dca2163d?s=96&d=mm&r=g\",\"caption\":\"adminbaochi\"},\"url\":\"https:\\\/\\\/ambassade-vietnam.com\\\/fr\\\/blog\\\/author\\\/adminbaochi\\\/\"}]}<\/script>\n<!-- \/ Yoast SEO plugin. -->","yoast_head_json":{"title":"Le Vietnam et la France soulignent les avantages de l\u2019EVFTA - Ambassade de la r\u00e9publique socialiste du Vietnam en France","robots":{"index":"index","follow":"follow","max-snippet":"max-snippet:-1","max-image-preview":"max-image-preview:large","max-video-preview":"max-video-preview:-1"},"canonical":"https:\/\/ambassade-vietnam.com\/fr\/blog\/2019\/12\/12\/le-vietnam-et-la-france-soulignent-les-avantages-de-levfta\/","og_locale":"fr_FR","og_type":"article","og_title":"Le Vietnam et la France soulignent les avantages de l\u2019EVFTA - Ambassade de la r\u00e9publique socialiste du Vietnam en France","og_description":"Le 6e Dialogue \u00e9conomique annuel de haut niveau entre la France et Vietnam s'est tenu le 4 novembre \u00e0 Paris, en France. Le Vietnam et la France ont soulign\u00e9 les avantages de l\u2019accord de libre-\u00e9change entre le Vietnam et l\u2019Union europ\u00e9enne (EVFTA) sign\u00e9 en juin dernier pour la promotion des liens \u00e9conomiques franco-vietnamiens, lors d\u2019un [&hellip;]","og_url":"https:\/\/ambassade-vietnam.com\/fr\/blog\/2019\/12\/12\/le-vietnam-et-la-france-soulignent-les-avantages-de-levfta\/","og_site_name":"Ambassade de la r\u00e9publique socialiste du Vietnam en France","article_published_time":"2019-12-12T16:07:36+00:00","og_image":[{"width":665,"height":499,"url":"https:\/\/ambassade-vietnam.com\/fr\/wp-content\/uploads\/sites\/1\/2019\/12\/vna_potal_doi_thoai_cap_cao_thuong_nien_ve_kinh_te_phap__viet_nam_070755525_stand.jpg","type":"image\/jpeg"}],"author":"adminbaochi","twitter_card":"summary_large_image","schema":{"@context":"https:\/\/schema.org","@graph":[{"@type":"Article","@id":"https:\/\/ambassade-vietnam.com\/fr\/blog\/2019\/12\/12\/le-vietnam-et-la-france-soulignent-les-avantages-de-levfta\/#article","isPartOf":{"@id":"https:\/\/ambassade-vietnam.com\/fr\/blog\/2019\/12\/12\/le-vietnam-et-la-france-soulignent-les-avantages-de-levfta\/"},"author":{"name":"adminbaochi","@id":"https:\/\/ambassade-vietnam.com\/fr\/#\/schema\/person\/27c56a808973eb2c7fc8034d1004174d"},"headline":"Le Vietnam et la France soulignent les avantages de l\u2019EVFTA","datePublished":"2019-12-12T16:07:36+00:00","mainEntityOfPage":{"@id":"https:\/\/ambassade-vietnam.com\/fr\/blog\/2019\/12\/12\/le-vietnam-et-la-france-soulignent-les-avantages-de-levfta\/"},"wordCount":410,"image":{"@id":"https:\/\/ambassade-vietnam.com\/fr\/blog\/2019\/12\/12\/le-vietnam-et-la-france-soulignent-les-avantages-de-levfta\/#primaryimage"},"thumbnailUrl":"https:\/\/ambassade-vietnam.com\/fr\/wp-content\/uploads\/sites\/1\/2019\/12\/vna_potal_doi_thoai_cap_cao_thuong_nien_ve_kinh_te_phap__viet_nam_070755525_stand-300x225.jpg","articleSection":["Actualit\u00e9s"],"inLanguage":"fr-FR"},{"@type":"WebPage","@id":"https:\/\/ambassade-vietnam.com\/fr\/blog\/2019\/12\/12\/le-vietnam-et-la-france-soulignent-les-avantages-de-levfta\/","url":"https:\/\/ambassade-vietnam.com\/fr\/blog\/2019\/12\/12\/le-vietnam-et-la-france-soulignent-les-avantages-de-levfta\/","name":"Le Vietnam et la France soulignent les avantages de l\u2019EVFTA - Ambassade de la r\u00e9publique socialiste du Vietnam en France","isPartOf":{"@id":"https:\/\/ambassade-vietnam.com\/fr\/#website"},"primaryImageOfPage":{"@id":"https:\/\/ambassade-vietnam.com\/fr\/blog\/2019\/12\/12\/le-vietnam-et-la-france-soulignent-les-avantages-de-levfta\/#primaryimage"},"image":{"@id":"https:\/\/ambassade-vietnam.com\/fr\/blog\/2019\/12\/12\/le-vietnam-et-la-france-soulignent-les-avantages-de-levfta\/#primaryimage"},"thumbnailUrl":"https:\/\/ambassade-vietnam.com\/fr\/wp-content\/uploads\/sites\/1\/2019\/12\/vna_potal_doi_thoai_cap_cao_thuong_nien_ve_kinh_te_phap__viet_nam_070755525_stand-300x225.jpg","datePublished":"2019-12-12T16:07:36+00:00","author":{"@id":"https:\/\/ambassade-vietnam.com\/fr\/#\/schema\/person\/27c56a808973eb2c7fc8034d1004174d"},"breadcrumb":{"@id":"https:\/\/ambassade-vietnam.com\/fr\/blog\/2019\/12\/12\/le-vietnam-et-la-france-soulignent-les-avantages-de-levfta\/#breadcrumb"},"inLanguage":"fr-FR","potentialAction":[{"@type":"ReadAction","target":["https:\/\/ambassade-vietnam.com\/fr\/blog\/2019\/12\/12\/le-vietnam-et-la-france-soulignent-les-avantages-de-levfta\/"]}]},{"@type":"ImageObject","inLanguage":"fr-FR","@id":"https:\/\/ambassade-vietnam.com\/fr\/blog\/2019\/12\/12\/le-vietnam-et-la-france-soulignent-les-avantages-de-levfta\/#primaryimage","url":"https:\/\/ambassade-vietnam.com\/fr\/wp-content\/uploads\/sites\/1\/2019\/12\/vna_potal_doi_thoai_cap_cao_thuong_nien_ve_kinh_te_phap__viet_nam_070755525_stand.jpg","contentUrl":"https:\/\/ambassade-vietnam.com\/fr\/wp-content\/uploads\/sites\/1\/2019\/12\/vna_potal_doi_thoai_cap_cao_thuong_nien_ve_kinh_te_phap__viet_nam_070755525_stand.jpg","width":665,"height":499},{"@type":"BreadcrumbList","@id":"https:\/\/ambassade-vietnam.com\/fr\/blog\/2019\/12\/12\/le-vietnam-et-la-france-soulignent-les-avantages-de-levfta\/#breadcrumb","itemListElement":[{"@type":"ListItem","position":1,"name":"Home","item":"https:\/\/ambassade-vietnam.com\/fr\/"},{"@type":"ListItem","position":2,"name":"Le Vietnam et la France soulignent les avantages de l\u2019EVFTA"}]},{"@type":"WebSite","@id":"https:\/\/ambassade-vietnam.com\/fr\/#website","url":"https:\/\/ambassade-vietnam.com\/fr\/","name":"Ambassade de la r\u00e9publique socialiste du Vietnam en France","description":"","potentialAction":[{"@type":"SearchAction","target":{"@type":"EntryPoint","urlTemplate":"https:\/\/ambassade-vietnam.com\/fr\/?s={search_term_string}"},"query-input":{"@type":"PropertyValueSpecification","valueRequired":true,"valueName":"search_term_string"}}],"inLanguage":"fr-FR"},{"@type":"Person","@id":"https:\/\/ambassade-vietnam.com\/fr\/#\/schema\/person\/27c56a808973eb2c7fc8034d1004174d","name":"adminbaochi","image":{"@type":"ImageObject","inLanguage":"fr-FR","@id":"https:\/\/secure.gravatar.com\/avatar\/938c488c3aab740fe28d828bce1628575e0f8b8a17254777ffea4cd2dca2163d?s=96&d=mm&r=g","url":"https:\/\/secure.gravatar.com\/avatar\/938c488c3aab740fe28d828bce1628575e0f8b8a17254777ffea4cd2dca2163d?s=96&d=mm&r=g","contentUrl":"https:\/\/secure.gravatar.com\/avatar\/938c488c3aab740fe28d828bce1628575e0f8b8a17254777ffea4cd2dca2163d?s=96&d=mm&r=g","caption":"adminbaochi"},"url":"https:\/\/ambassade-vietnam.com\/fr\/blog\/author\/adminbaochi\/"}]}},"_links":{"self":[{"href":"https:\/\/ambassade-vietnam.com\/fr\/wp-json\/wp\/v2\/posts\/476","targetHints":{"allow":["GET"]}}],"collection":[{"href":"https:\/\/ambassade-vietnam.com\/fr\/wp-json\/wp\/v2\/posts"}],"about":[{"href":"https:\/\/ambassade-vietnam.com\/fr\/wp-json\/wp\/v2\/types\/post"}],"author":[{"embeddable":true,"href":"https:\/\/ambassade-vietnam.com\/fr\/wp-json\/wp\/v2\/users\/1420"}],"replies":[{"embeddable":true,"href":"https:\/\/ambassade-vietnam.com\/fr\/wp-json\/wp\/v2\/comments?post=476"}],"version-history":[{"count":1,"href":"https:\/\/ambassade-vietnam.com\/fr\/wp-json\/wp\/v2\/posts\/476\/revisions"}],"predecessor-version":[{"id":477,"href":"https:\/\/ambassade-vietnam.com\/fr\/wp-json\/wp\/v2\/posts\/476\/revisions\/477"}],"wp:attachment":[{"href":"https:\/\/ambassade-vietnam.com\/fr\/wp-json\/wp\/v2\/media?parent=476"}],"wp:term":[{"taxonomy":"category","embeddable":true,"href":"https:\/\/ambassade-vietnam.com\/fr\/wp-json\/wp\/v2\/categories?post=476"},{"taxonomy":"post_tag","embeddable":true,"href":"https:\/\/ambassade-vietnam.com\/fr\/wp-json\/wp\/v2\/tags?post=476"}],"curies":[{"name":"wp","href":"https:\/\/api.w.org\/{rel}","templated":true}]}}