{"id":471,"date":"2019-12-12T17:05:23","date_gmt":"2019-12-12T16:05:23","guid":{"rendered":"https:\/\/ambassade-vietnam.com\/fr\/?p=471"},"modified":"2019-12-12T17:05:23","modified_gmt":"2019-12-12T16:05:23","slug":"vietnam-et-france-conscients-du-role-pionnier-de-la-cooperation-decentralisee","status":"publish","type":"post","link":"https:\/\/ambassade-vietnam.com\/fr\/blog\/2019\/12\/12\/vietnam-et-france-conscients-du-role-pionnier-de-la-cooperation-decentralisee\/","title":{"rendered":"Vietnam et France conscients du r\u00f4le pionnier de la coop\u00e9ration d\u00e9centralis\u00e9e"},"content":{"rendered":"<p><img loading=\"lazy\" decoding=\"async\" class=\"alignnone size-medium wp-image-472\" src=\"https:\/\/ambassade-vietnam.com\/fr\/wp-content\/uploads\/sites\/1\/2019\/12\/Phi-tap-trung-300x200.jpg\" alt=\"\" width=\"300\" height=\"200\" srcset=\"https:\/\/ambassade-vietnam.com\/fr\/wp-content\/uploads\/sites\/1\/2019\/12\/Phi-tap-trung-300x200.jpg 300w, https:\/\/ambassade-vietnam.com\/fr\/wp-content\/uploads\/sites\/1\/2019\/12\/Phi-tap-trung.jpg 480w\" sizes=\"auto, (max-width: 300px) 100vw, 300px\" \/><\/p>\n<p><strong>Au d\u00e9but d\u2019avril, la pr\u00e9sidente de l\u2019Assembl\u00e9e nationale vietnamienne, Nguy\u00ean Thi Kim Ng\u00e2n, s\u2019est rendue en France o\u00f9 elle a pu rencontrer ses homologues de l\u2019Assembl\u00e9e nationale et du S\u00e9nat ainsi que le Premier ministre \u00c9douard Philippe. Un des temps forts de son d\u00e9placement a \u00e9t\u00e9 la c\u00e9r\u00e9monie de cl\u00f4ture des 11<sup>es<\/sup>\u00a0Assises de la coop\u00e9ration d\u00e9centralis\u00e9e qui se sont tenues \u00e0 Toulouse. \u00c9tienne Rolland-Piegue, conseiller culturel et directeur de l\u2019Institut fran\u00e7ais au Vietnam, a accord\u00e9 \u00e0 la Radio du Vietnam une interview.<\/strong><\/p>\n<p>Le Vietnam et la France sont conscients du r\u00f4le pionnier de la coop\u00e9ration d\u00e9centralis\u00e9e, qui a commenc\u00e9 d\u00e8s 1989. Les assises, organis\u00e9es tous les trois ans, sont l\u2019occasion de c\u00e9l\u00e9brer ce lien entre les territoires des deux pays. La pr\u00e9sence de la pr\u00e9sidente de l\u2019Assembl\u00e9e nationale vietnamienne, du premier vice-pr\u00e9sident du S\u00e9nat et des 600 participants aux assises t\u00e9moignent de la vitalit\u00e9 de cette coop\u00e9ration territoriale.<\/p>\n<p>Parall\u00e8lement \u00e0 ces grandes rencontres nationales, les collectivit\u00e9s continuent \u00e0 tisser des liens avec leurs homologues vietnamiennes. Ainsi, \u00e0 Toulouse, plusieurs accords ont \u00e9t\u00e9 renouvel\u00e9s, comme entre Hano\u00ef\u00a0et Toulouse ou encore entre le d\u00e9partement du Val-de-Marne et la province de Y\u00ean Bai (Nord). Un nouvel accord a \u00e9t\u00e9 sign\u00e9 entre Cergy Pontoise et Hu\u00ea.<\/p>\n<p><strong>Le d\u00e9veloppement durable et la r\u00e9silience aux changements climatiques font-ils partie des priorit\u00e9s de la coop\u00e9ration d\u00e9centralis\u00e9e?<\/strong><\/p>\n<p>Le d\u00e9veloppement durable et la r\u00e9silience aux changements climatiques sont des priorit\u00e9s de la coop\u00e9ration d\u00e9centralis\u00e9e franco-vietnamienne. Le th\u00e8me des 11<sup>es<\/sup>\u00a0Assises de la coop\u00e9ration d\u00e9centralis\u00e9e \u00e9tait ainsi formul\u00e9: \"Des partenariats au service du d\u00e9veloppement innovant et durable du territoire\". La question du d\u00e9veloppement durable a \u00e9t\u00e9 le fil conducteur de chacun des cinq ateliers de ces Assises qui r\u00e9unissaient les collectivit\u00e9s des deux pays, des partenaires institutionnels comme des h\u00f4pitaux ou des centres de recherche, ainsi que des entreprises et des associations.<\/p>\n<p>La question du d\u00e9veloppement \u00e9conomique durable est ainsi au c\u0153ur de la coop\u00e9ration entre la ville de Brest et Hai Phong autour de la p\u00eache. De m\u00eame, le projet de la r\u00e9gion Ile de France avec Hanoi, baptis\u00e9 \"Qualit\u00e9 de vie, qualit\u00e9 de ville\" \u0153uvre pour un urbanisme durable. La pr\u00e9occupation de lutte contre le r\u00e9chauffement climatique est \u00e0 l\u2019\u00e9vidence int\u00e9gr\u00e9e dans les projets relatifs \u00e0 l\u2019assainissement des eaux. Les exemples sont donc nombreux.<br \/>\nJ\u2019aimerais rappeler \u00e9galement que sur cette question, la France, \u00e0 travers son agence de d\u00e9veloppement est aux c\u00f4t\u00e9s des collectivit\u00e9s vietnamiennes et fran\u00e7aises pour aider le Vietnam dans sa lutte contre les effets du r\u00e9chauffement climatique.<\/p>\n<p><strong>Que pr\u00e9voyez-vous pour approfondir la coop\u00e9ration d\u00e9centralis\u00e9e entre les deux pays?<\/strong><br \/>\nLa coop\u00e9ration d\u00e9centralis\u00e9e rel\u00e8ve de la seule initiative des collectivit\u00e9s locales en France. Le principe constitutionnel de libre administration les laisse libres de mener ce que la loi appelle \"l\u2019action ext\u00e9rieure des collectivit\u00e9s\" dans le respect de la politique internationale de la France.<\/p>\n<p>Toutefois, l\u2019\u00c9tat encourage cette coop\u00e9ration en offrant son expertise. L\u2019ambassade accueille r\u00e9guli\u00e8rement les d\u00e9l\u00e9gations de collectivit\u00e9s fran\u00e7aises pour les accompagner dans leurs actions de coop\u00e9ration. D\u2019autre part, l\u2019\u00c9tat apporte des financements: le minist\u00e8re des affaires \u00e9trang\u00e8res subventionne certains projets. De m\u00eame, l\u2019Agence Fran\u00e7aise de D\u00e9veloppement contribue \u00e0 des actions de coop\u00e9ration, comme entre la r\u00e9gion Ile-de-France et Hanoi. Enfin, l\u2019ambassade re\u00e7oit les collectivit\u00e9s vietnamiennes d\u00e9sireuses de nouer des liens avec leurs homologues fran\u00e7aises et informe le r\u00e9seau des collectivit\u00e9s fran\u00e7aises de ce souhait.<\/p>\n<p>De fa\u00e7on g\u00e9n\u00e9rale, le minist\u00e8re des Affaires europ\u00e9ennes et \u00e9trang\u00e8res soutient les \u00e9v\u00e9nements qui sont autant d\u2019occasions de rencontres entre nos territoires et leurs r\u00e9seaux d\u2019universit\u00e9s, d\u2019h\u00f4pitaux et d\u2019entreprises. En juin dernier 2018, plusieurs collectivit\u00e9s s\u2019\u00e9taient ainsi rendues en France pour des rencontres \u00e9conomiques. Les assises de 2019 sont la manifestation patente de cette volont\u00e9 d\u2019accompagner et renforcer la coop\u00e9ration d\u00e9centralis\u00e9e entre la France et le Vietnam.<\/p>\n<p><strong>Que pensez-vous des relations qu\u2019entretient la province de Di\u00ean Bi\u00ean et diff\u00e9rentes collectivit\u00e9s locales fran\u00e7aises?<\/strong><\/p>\n<p>\u00c0 ce jour, la province de Di\u00ean Bi\u00ean n\u2019a pas sign\u00e9 de partenariat avec de collectivit\u00e9s fran\u00e7aises. Des repr\u00e9sentants de la province \u00e9taient pr\u00e9sents aux Assises de Toulouse. Nous esp\u00e9rons que cela aura \u00e9t\u00e9 l\u2019occasion de rencontres et de premiers contacts avec de possibles partenaires fran\u00e7ais.<\/p>\n<p><strong>En novembre dernier, le Premier ministre \u00c9douard Philippe est all\u00e9 rendre hommage aux combattants fran\u00e7ais et vietnamiens de la bataille de Di\u00ean Bi\u00ean Phu. Comment interpr\u00e9tez-vous le message qu\u2019il a voulu \u00e9mettre?<\/strong><\/p>\n<p>Le Premier ministre \u00c9douard Philippe est le premier haut dirigeant fran\u00e7ais \u00e0 s\u2019\u00eatre rendu \u00e0 Di\u00ean Bi\u00ean Phu depuis le pr\u00e9sident Mitterrand en 1993. Comme vous l\u2019avez soulign\u00e9, il a tenu \u00e0 rendre hommage aux combattants des deux camps, en se rendant successivement au M\u00e9morial fran\u00e7ais et au M\u00e9morial vietnamien. C\u2019est le premier sens de sa visite: rendre hommage \u00e0 tous les combattants, \u00e0 leur abn\u00e9gation et \u00e0 leur courage, dans un lieu qui reste en France un puissant symbole de l\u2019engagement de nos arm\u00e9es.<\/p>\n<p>Le deuxi\u00e8me message adress\u00e9 au peuple vietnamien et \u00e0 ses dirigeants partait du constat que cette guerre d\u2019Indochine, cette bataille de Di\u00ean Bi\u00ean Phu, constitue une page douloureuse, tragique de notre histoire commune. C\u2019est parce que nos deux pays se sont r\u00e9concili\u00e9s avec leur pass\u00e9 qu\u2019ils regardent avec plus de force encore leur avenir partag\u00e9. Les liens franco-vietnamiens puisent au plus profond de notre histoire, avec ses pages heureuses, mais aussi ses \u00e9pisodes sombres et ses pages tragiques. J\u2019ajoute que la visite des collines de la bataille de Di\u00ean Bi\u00ean Phu a suscit\u00e9 chez le Premier ministre fran\u00e7ais une \u00e9motion profonde.<\/p>\n<p>&nbsp;<\/p>\n","protected":false},"excerpt":{"rendered":"<p>Au d\u00e9but d\u2019avril, la pr\u00e9sidente de l\u2019Assembl\u00e9e nationale vietnamienne, Nguy\u00ean Thi Kim Ng\u00e2n, s\u2019est rendue en France o\u00f9 elle a pu rencontrer ses homologues de l\u2019Assembl\u00e9e nationale et du S\u00e9nat ainsi que le Premier ministre \u00c9douard Philippe. Un des temps forts de son d\u00e9placement a \u00e9t\u00e9 la c\u00e9r\u00e9monie de cl\u00f4ture des 11es\u00a0Assises de la coop\u00e9ration [&hellip;]<\/p>\n","protected":false},"author":1420,"featured_media":0,"comment_status":"closed","ping_status":"open","sticky":false,"template":"","format":"standard","meta":{"footnotes":""},"categories":[1],"tags":[],"class_list":["post-471","post","type-post","status-publish","format-standard","hentry","category-actualites"],"yoast_head":"<!-- This site is optimized with the Yoast SEO plugin v27.5 - https:\/\/yoast.com\/product\/yoast-seo-wordpress\/ -->\n<title>Vietnam et France conscients du r\u00f4le pionnier de la coop\u00e9ration d\u00e9centralis\u00e9e - Ambassade de la r\u00e9publique socialiste du Vietnam en France<\/title>\n<meta name=\"robots\" content=\"index, follow, max-snippet:-1, max-image-preview:large, max-video-preview:-1\" \/>\n<link rel=\"canonical\" href=\"https:\/\/ambassade-vietnam.com\/fr\/blog\/2019\/12\/12\/vietnam-et-france-conscients-du-role-pionnier-de-la-cooperation-decentralisee\/\" \/>\n<meta property=\"og:locale\" content=\"fr_FR\" \/>\n<meta property=\"og:type\" content=\"article\" \/>\n<meta property=\"og:title\" content=\"Vietnam et France conscients du r\u00f4le pionnier de la coop\u00e9ration d\u00e9centralis\u00e9e - Ambassade de la r\u00e9publique socialiste du Vietnam en France\" \/>\n<meta property=\"og:description\" content=\"Au d\u00e9but d\u2019avril, la pr\u00e9sidente de l\u2019Assembl\u00e9e nationale vietnamienne, Nguy\u00ean Thi Kim Ng\u00e2n, s\u2019est rendue en France o\u00f9 elle a pu rencontrer ses homologues de l\u2019Assembl\u00e9e nationale et du S\u00e9nat ainsi que le Premier ministre \u00c9douard Philippe. Un des temps forts de son d\u00e9placement a \u00e9t\u00e9 la c\u00e9r\u00e9monie de cl\u00f4ture des 11es\u00a0Assises de la coop\u00e9ration [&hellip;]\" \/>\n<meta property=\"og:url\" content=\"https:\/\/ambassade-vietnam.com\/fr\/blog\/2019\/12\/12\/vietnam-et-france-conscients-du-role-pionnier-de-la-cooperation-decentralisee\/\" \/>\n<meta property=\"og:site_name\" content=\"Ambassade de la r\u00e9publique socialiste du Vietnam en France\" \/>\n<meta property=\"article:published_time\" content=\"2019-12-12T16:05:23+00:00\" \/>\n<meta property=\"og:image\" content=\"https:\/\/ambassade-vietnam.com\/fr\/wp-content\/uploads\/sites\/1\/2019\/12\/Phi-tap-trung.jpg\" \/>\n\t<meta property=\"og:image:width\" content=\"480\" \/>\n\t<meta property=\"og:image:height\" content=\"320\" \/>\n\t<meta property=\"og:image:type\" content=\"image\/jpeg\" \/>\n<meta name=\"author\" content=\"adminbaochi\" \/>\n<meta name=\"twitter:card\" content=\"summary_large_image\" \/>\n<script type=\"application\/ld+json\" class=\"yoast-schema-graph\">{\"@context\":\"https:\\\/\\\/schema.org\",\"@graph\":[{\"@type\":\"Article\",\"@id\":\"https:\\\/\\\/ambassade-vietnam.com\\\/fr\\\/blog\\\/2019\\\/12\\\/12\\\/vietnam-et-france-conscients-du-role-pionnier-de-la-cooperation-decentralisee\\\/#article\",\"isPartOf\":{\"@id\":\"https:\\\/\\\/ambassade-vietnam.com\\\/fr\\\/blog\\\/2019\\\/12\\\/12\\\/vietnam-et-france-conscients-du-role-pionnier-de-la-cooperation-decentralisee\\\/\"},\"author\":{\"name\":\"adminbaochi\",\"@id\":\"https:\\\/\\\/ambassade-vietnam.com\\\/fr\\\/#\\\/schema\\\/person\\\/27c56a808973eb2c7fc8034d1004174d\"},\"headline\":\"Vietnam et France conscients du r\u00f4le pionnier de la coop\u00e9ration d\u00e9centralis\u00e9e\",\"datePublished\":\"2019-12-12T16:05:23+00:00\",\"mainEntityOfPage\":{\"@id\":\"https:\\\/\\\/ambassade-vietnam.com\\\/fr\\\/blog\\\/2019\\\/12\\\/12\\\/vietnam-et-france-conscients-du-role-pionnier-de-la-cooperation-decentralisee\\\/\"},\"wordCount\":1079,\"image\":{\"@id\":\"https:\\\/\\\/ambassade-vietnam.com\\\/fr\\\/blog\\\/2019\\\/12\\\/12\\\/vietnam-et-france-conscients-du-role-pionnier-de-la-cooperation-decentralisee\\\/#primaryimage\"},\"thumbnailUrl\":\"https:\\\/\\\/ambassade-vietnam.com\\\/fr\\\/wp-content\\\/uploads\\\/sites\\\/1\\\/2019\\\/12\\\/Phi-tap-trung-300x200.jpg\",\"articleSection\":[\"Actualit\u00e9s\"],\"inLanguage\":\"fr-FR\"},{\"@type\":\"WebPage\",\"@id\":\"https:\\\/\\\/ambassade-vietnam.com\\\/fr\\\/blog\\\/2019\\\/12\\\/12\\\/vietnam-et-france-conscients-du-role-pionnier-de-la-cooperation-decentralisee\\\/\",\"url\":\"https:\\\/\\\/ambassade-vietnam.com\\\/fr\\\/blog\\\/2019\\\/12\\\/12\\\/vietnam-et-france-conscients-du-role-pionnier-de-la-cooperation-decentralisee\\\/\",\"name\":\"Vietnam et France conscients du r\u00f4le pionnier de la coop\u00e9ration d\u00e9centralis\u00e9e - Ambassade de la r\u00e9publique socialiste du Vietnam en France\",\"isPartOf\":{\"@id\":\"https:\\\/\\\/ambassade-vietnam.com\\\/fr\\\/#website\"},\"primaryImageOfPage\":{\"@id\":\"https:\\\/\\\/ambassade-vietnam.com\\\/fr\\\/blog\\\/2019\\\/12\\\/12\\\/vietnam-et-france-conscients-du-role-pionnier-de-la-cooperation-decentralisee\\\/#primaryimage\"},\"image\":{\"@id\":\"https:\\\/\\\/ambassade-vietnam.com\\\/fr\\\/blog\\\/2019\\\/12\\\/12\\\/vietnam-et-france-conscients-du-role-pionnier-de-la-cooperation-decentralisee\\\/#primaryimage\"},\"thumbnailUrl\":\"https:\\\/\\\/ambassade-vietnam.com\\\/fr\\\/wp-content\\\/uploads\\\/sites\\\/1\\\/2019\\\/12\\\/Phi-tap-trung-300x200.jpg\",\"datePublished\":\"2019-12-12T16:05:23+00:00\",\"author\":{\"@id\":\"https:\\\/\\\/ambassade-vietnam.com\\\/fr\\\/#\\\/schema\\\/person\\\/27c56a808973eb2c7fc8034d1004174d\"},\"breadcrumb\":{\"@id\":\"https:\\\/\\\/ambassade-vietnam.com\\\/fr\\\/blog\\\/2019\\\/12\\\/12\\\/vietnam-et-france-conscients-du-role-pionnier-de-la-cooperation-decentralisee\\\/#breadcrumb\"},\"inLanguage\":\"fr-FR\",\"potentialAction\":[{\"@type\":\"ReadAction\",\"target\":[\"https:\\\/\\\/ambassade-vietnam.com\\\/fr\\\/blog\\\/2019\\\/12\\\/12\\\/vietnam-et-france-conscients-du-role-pionnier-de-la-cooperation-decentralisee\\\/\"]}]},{\"@type\":\"ImageObject\",\"inLanguage\":\"fr-FR\",\"@id\":\"https:\\\/\\\/ambassade-vietnam.com\\\/fr\\\/blog\\\/2019\\\/12\\\/12\\\/vietnam-et-france-conscients-du-role-pionnier-de-la-cooperation-decentralisee\\\/#primaryimage\",\"url\":\"https:\\\/\\\/ambassade-vietnam.com\\\/fr\\\/wp-content\\\/uploads\\\/sites\\\/1\\\/2019\\\/12\\\/Phi-tap-trung.jpg\",\"contentUrl\":\"https:\\\/\\\/ambassade-vietnam.com\\\/fr\\\/wp-content\\\/uploads\\\/sites\\\/1\\\/2019\\\/12\\\/Phi-tap-trung.jpg\",\"width\":480,\"height\":320},{\"@type\":\"BreadcrumbList\",\"@id\":\"https:\\\/\\\/ambassade-vietnam.com\\\/fr\\\/blog\\\/2019\\\/12\\\/12\\\/vietnam-et-france-conscients-du-role-pionnier-de-la-cooperation-decentralisee\\\/#breadcrumb\",\"itemListElement\":[{\"@type\":\"ListItem\",\"position\":1,\"name\":\"Home\",\"item\":\"https:\\\/\\\/ambassade-vietnam.com\\\/fr\\\/\"},{\"@type\":\"ListItem\",\"position\":2,\"name\":\"Vietnam et France conscients du r\u00f4le pionnier de la coop\u00e9ration d\u00e9centralis\u00e9e\"}]},{\"@type\":\"WebSite\",\"@id\":\"https:\\\/\\\/ambassade-vietnam.com\\\/fr\\\/#website\",\"url\":\"https:\\\/\\\/ambassade-vietnam.com\\\/fr\\\/\",\"name\":\"Ambassade de la r\u00e9publique socialiste du Vietnam en France\",\"description\":\"\",\"potentialAction\":[{\"@type\":\"SearchAction\",\"target\":{\"@type\":\"EntryPoint\",\"urlTemplate\":\"https:\\\/\\\/ambassade-vietnam.com\\\/fr\\\/?s={search_term_string}\"},\"query-input\":{\"@type\":\"PropertyValueSpecification\",\"valueRequired\":true,\"valueName\":\"search_term_string\"}}],\"inLanguage\":\"fr-FR\"},{\"@type\":\"Person\",\"@id\":\"https:\\\/\\\/ambassade-vietnam.com\\\/fr\\\/#\\\/schema\\\/person\\\/27c56a808973eb2c7fc8034d1004174d\",\"name\":\"adminbaochi\",\"image\":{\"@type\":\"ImageObject\",\"inLanguage\":\"fr-FR\",\"@id\":\"https:\\\/\\\/secure.gravatar.com\\\/avatar\\\/938c488c3aab740fe28d828bce1628575e0f8b8a17254777ffea4cd2dca2163d?s=96&d=mm&r=g\",\"url\":\"https:\\\/\\\/secure.gravatar.com\\\/avatar\\\/938c488c3aab740fe28d828bce1628575e0f8b8a17254777ffea4cd2dca2163d?s=96&d=mm&r=g\",\"contentUrl\":\"https:\\\/\\\/secure.gravatar.com\\\/avatar\\\/938c488c3aab740fe28d828bce1628575e0f8b8a17254777ffea4cd2dca2163d?s=96&d=mm&r=g\",\"caption\":\"adminbaochi\"},\"url\":\"https:\\\/\\\/ambassade-vietnam.com\\\/fr\\\/blog\\\/author\\\/adminbaochi\\\/\"}]}<\/script>\n<!-- \/ Yoast SEO plugin. -->","yoast_head_json":{"title":"Vietnam et France conscients du r\u00f4le pionnier de la coop\u00e9ration d\u00e9centralis\u00e9e - Ambassade de la r\u00e9publique socialiste du Vietnam en France","robots":{"index":"index","follow":"follow","max-snippet":"max-snippet:-1","max-image-preview":"max-image-preview:large","max-video-preview":"max-video-preview:-1"},"canonical":"https:\/\/ambassade-vietnam.com\/fr\/blog\/2019\/12\/12\/vietnam-et-france-conscients-du-role-pionnier-de-la-cooperation-decentralisee\/","og_locale":"fr_FR","og_type":"article","og_title":"Vietnam et France conscients du r\u00f4le pionnier de la coop\u00e9ration d\u00e9centralis\u00e9e - Ambassade de la r\u00e9publique socialiste du Vietnam en France","og_description":"Au d\u00e9but d\u2019avril, la pr\u00e9sidente de l\u2019Assembl\u00e9e nationale vietnamienne, Nguy\u00ean Thi Kim Ng\u00e2n, s\u2019est rendue en France o\u00f9 elle a pu rencontrer ses homologues de l\u2019Assembl\u00e9e nationale et du S\u00e9nat ainsi que le Premier ministre \u00c9douard Philippe. Un des temps forts de son d\u00e9placement a \u00e9t\u00e9 la c\u00e9r\u00e9monie de cl\u00f4ture des 11es\u00a0Assises de la coop\u00e9ration [&hellip;]","og_url":"https:\/\/ambassade-vietnam.com\/fr\/blog\/2019\/12\/12\/vietnam-et-france-conscients-du-role-pionnier-de-la-cooperation-decentralisee\/","og_site_name":"Ambassade de la r\u00e9publique socialiste du Vietnam en France","article_published_time":"2019-12-12T16:05:23+00:00","og_image":[{"width":480,"height":320,"url":"https:\/\/ambassade-vietnam.com\/fr\/wp-content\/uploads\/sites\/1\/2019\/12\/Phi-tap-trung.jpg","type":"image\/jpeg"}],"author":"adminbaochi","twitter_card":"summary_large_image","schema":{"@context":"https:\/\/schema.org","@graph":[{"@type":"Article","@id":"https:\/\/ambassade-vietnam.com\/fr\/blog\/2019\/12\/12\/vietnam-et-france-conscients-du-role-pionnier-de-la-cooperation-decentralisee\/#article","isPartOf":{"@id":"https:\/\/ambassade-vietnam.com\/fr\/blog\/2019\/12\/12\/vietnam-et-france-conscients-du-role-pionnier-de-la-cooperation-decentralisee\/"},"author":{"name":"adminbaochi","@id":"https:\/\/ambassade-vietnam.com\/fr\/#\/schema\/person\/27c56a808973eb2c7fc8034d1004174d"},"headline":"Vietnam et France conscients du r\u00f4le pionnier de la coop\u00e9ration d\u00e9centralis\u00e9e","datePublished":"2019-12-12T16:05:23+00:00","mainEntityOfPage":{"@id":"https:\/\/ambassade-vietnam.com\/fr\/blog\/2019\/12\/12\/vietnam-et-france-conscients-du-role-pionnier-de-la-cooperation-decentralisee\/"},"wordCount":1079,"image":{"@id":"https:\/\/ambassade-vietnam.com\/fr\/blog\/2019\/12\/12\/vietnam-et-france-conscients-du-role-pionnier-de-la-cooperation-decentralisee\/#primaryimage"},"thumbnailUrl":"https:\/\/ambassade-vietnam.com\/fr\/wp-content\/uploads\/sites\/1\/2019\/12\/Phi-tap-trung-300x200.jpg","articleSection":["Actualit\u00e9s"],"inLanguage":"fr-FR"},{"@type":"WebPage","@id":"https:\/\/ambassade-vietnam.com\/fr\/blog\/2019\/12\/12\/vietnam-et-france-conscients-du-role-pionnier-de-la-cooperation-decentralisee\/","url":"https:\/\/ambassade-vietnam.com\/fr\/blog\/2019\/12\/12\/vietnam-et-france-conscients-du-role-pionnier-de-la-cooperation-decentralisee\/","name":"Vietnam et France conscients du r\u00f4le pionnier de la coop\u00e9ration d\u00e9centralis\u00e9e - Ambassade de la r\u00e9publique socialiste du Vietnam en France","isPartOf":{"@id":"https:\/\/ambassade-vietnam.com\/fr\/#website"},"primaryImageOfPage":{"@id":"https:\/\/ambassade-vietnam.com\/fr\/blog\/2019\/12\/12\/vietnam-et-france-conscients-du-role-pionnier-de-la-cooperation-decentralisee\/#primaryimage"},"image":{"@id":"https:\/\/ambassade-vietnam.com\/fr\/blog\/2019\/12\/12\/vietnam-et-france-conscients-du-role-pionnier-de-la-cooperation-decentralisee\/#primaryimage"},"thumbnailUrl":"https:\/\/ambassade-vietnam.com\/fr\/wp-content\/uploads\/sites\/1\/2019\/12\/Phi-tap-trung-300x200.jpg","datePublished":"2019-12-12T16:05:23+00:00","author":{"@id":"https:\/\/ambassade-vietnam.com\/fr\/#\/schema\/person\/27c56a808973eb2c7fc8034d1004174d"},"breadcrumb":{"@id":"https:\/\/ambassade-vietnam.com\/fr\/blog\/2019\/12\/12\/vietnam-et-france-conscients-du-role-pionnier-de-la-cooperation-decentralisee\/#breadcrumb"},"inLanguage":"fr-FR","potentialAction":[{"@type":"ReadAction","target":["https:\/\/ambassade-vietnam.com\/fr\/blog\/2019\/12\/12\/vietnam-et-france-conscients-du-role-pionnier-de-la-cooperation-decentralisee\/"]}]},{"@type":"ImageObject","inLanguage":"fr-FR","@id":"https:\/\/ambassade-vietnam.com\/fr\/blog\/2019\/12\/12\/vietnam-et-france-conscients-du-role-pionnier-de-la-cooperation-decentralisee\/#primaryimage","url":"https:\/\/ambassade-vietnam.com\/fr\/wp-content\/uploads\/sites\/1\/2019\/12\/Phi-tap-trung.jpg","contentUrl":"https:\/\/ambassade-vietnam.com\/fr\/wp-content\/uploads\/sites\/1\/2019\/12\/Phi-tap-trung.jpg","width":480,"height":320},{"@type":"BreadcrumbList","@id":"https:\/\/ambassade-vietnam.com\/fr\/blog\/2019\/12\/12\/vietnam-et-france-conscients-du-role-pionnier-de-la-cooperation-decentralisee\/#breadcrumb","itemListElement":[{"@type":"ListItem","position":1,"name":"Home","item":"https:\/\/ambassade-vietnam.com\/fr\/"},{"@type":"ListItem","position":2,"name":"Vietnam et France conscients du r\u00f4le pionnier de la coop\u00e9ration d\u00e9centralis\u00e9e"}]},{"@type":"WebSite","@id":"https:\/\/ambassade-vietnam.com\/fr\/#website","url":"https:\/\/ambassade-vietnam.com\/fr\/","name":"Ambassade de la r\u00e9publique socialiste du Vietnam en France","description":"","potentialAction":[{"@type":"SearchAction","target":{"@type":"EntryPoint","urlTemplate":"https:\/\/ambassade-vietnam.com\/fr\/?s={search_term_string}"},"query-input":{"@type":"PropertyValueSpecification","valueRequired":true,"valueName":"search_term_string"}}],"inLanguage":"fr-FR"},{"@type":"Person","@id":"https:\/\/ambassade-vietnam.com\/fr\/#\/schema\/person\/27c56a808973eb2c7fc8034d1004174d","name":"adminbaochi","image":{"@type":"ImageObject","inLanguage":"fr-FR","@id":"https:\/\/secure.gravatar.com\/avatar\/938c488c3aab740fe28d828bce1628575e0f8b8a17254777ffea4cd2dca2163d?s=96&d=mm&r=g","url":"https:\/\/secure.gravatar.com\/avatar\/938c488c3aab740fe28d828bce1628575e0f8b8a17254777ffea4cd2dca2163d?s=96&d=mm&r=g","contentUrl":"https:\/\/secure.gravatar.com\/avatar\/938c488c3aab740fe28d828bce1628575e0f8b8a17254777ffea4cd2dca2163d?s=96&d=mm&r=g","caption":"adminbaochi"},"url":"https:\/\/ambassade-vietnam.com\/fr\/blog\/author\/adminbaochi\/"}]}},"_links":{"self":[{"href":"https:\/\/ambassade-vietnam.com\/fr\/wp-json\/wp\/v2\/posts\/471","targetHints":{"allow":["GET"]}}],"collection":[{"href":"https:\/\/ambassade-vietnam.com\/fr\/wp-json\/wp\/v2\/posts"}],"about":[{"href":"https:\/\/ambassade-vietnam.com\/fr\/wp-json\/wp\/v2\/types\/post"}],"author":[{"embeddable":true,"href":"https:\/\/ambassade-vietnam.com\/fr\/wp-json\/wp\/v2\/users\/1420"}],"replies":[{"embeddable":true,"href":"https:\/\/ambassade-vietnam.com\/fr\/wp-json\/wp\/v2\/comments?post=471"}],"version-history":[{"count":1,"href":"https:\/\/ambassade-vietnam.com\/fr\/wp-json\/wp\/v2\/posts\/471\/revisions"}],"predecessor-version":[{"id":473,"href":"https:\/\/ambassade-vietnam.com\/fr\/wp-json\/wp\/v2\/posts\/471\/revisions\/473"}],"wp:attachment":[{"href":"https:\/\/ambassade-vietnam.com\/fr\/wp-json\/wp\/v2\/media?parent=471"}],"wp:term":[{"taxonomy":"category","embeddable":true,"href":"https:\/\/ambassade-vietnam.com\/fr\/wp-json\/wp\/v2\/categories?post=471"},{"taxonomy":"post_tag","embeddable":true,"href":"https:\/\/ambassade-vietnam.com\/fr\/wp-json\/wp\/v2\/tags?post=471"}],"curies":[{"name":"wp","href":"https:\/\/api.w.org\/{rel}","templated":true}]}}