{"id":465,"date":"2019-12-12T17:02:51","date_gmt":"2019-12-12T16:02:51","guid":{"rendered":"https:\/\/ambassade-vietnam.com\/fr\/?p=465"},"modified":"2019-12-12T17:02:51","modified_gmt":"2019-12-12T16:02:51","slug":"une-delegation-du-pcv-en-visite-en-france","status":"publish","type":"post","link":"https:\/\/ambassade-vietnam.com\/fr\/blog\/2019\/12\/12\/une-delegation-du-pcv-en-visite-en-france\/","title":{"rendered":"Une d\u00e9l\u00e9gation du PCV en visite en France"},"content":{"rendered":"<p><img loading=\"lazy\" decoding=\"async\" class=\"alignnone size-medium wp-image-466\" src=\"https:\/\/ambassade-vietnam.com\/fr\/wp-content\/uploads\/sites\/1\/2019\/12\/Tran-Quoc-Vuong-300x187.jpg\" alt=\"\" width=\"300\" height=\"187\" srcset=\"https:\/\/ambassade-vietnam.com\/fr\/wp-content\/uploads\/sites\/1\/2019\/12\/Tran-Quoc-Vuong-300x187.jpg 300w, https:\/\/ambassade-vietnam.com\/fr\/wp-content\/uploads\/sites\/1\/2019\/12\/Tran-Quoc-Vuong.jpg 480w\" sizes=\"auto, (max-width: 300px) 100vw, 300px\" \/><\/p>\n<p><strong>Une d\u00e9l\u00e9gation du Parti communiste du Vietnam, conduite par Tr\u00e2n Qu\u00f4c Vuong, permanent du Secr\u00e9tariat, a effectu\u00e9 une visite de travail en\u00a0France.<\/strong><\/p>\n<p>Tr\u00e2n Qu\u00f4c Vuong,\u00a0permanent du Secr\u00e9tariat,\u00a0a rencontr\u00e9 et travaill\u00e9 avec le premier vice-pr\u00e9sident du S\u00e9nat, le vice-pr\u00e9sident du Parlement, le secr\u00e9taire d\u2019\u00c9tat du minist\u00e8re des Affaires \u00e9trang\u00e8res, des dirigeants du Parti socialiste de\u00a0France, du Parti communiste fran\u00e7ais, des R\u00e9publicains, de l\u2019Association d\u2019amiti\u00e9\u00a0France\u00a0- Vietnam, de jeunes\u00a0Vi\u00eat ki\u00eau\u00a0et le personnel de l\u2019ambassade du Vietnam \u00e0 Paris.<\/p>\n<p>Il a estim\u00e9 le d\u00e9veloppement fructueux du Partenariat strat\u00e9gique Vietnam -\u00a0France\u00a0dans diff\u00e9rents domaines, affirmant que le Vietnam prenait en haute consid\u00e9ration ses relations avec la\u00a0France, l\u2019un des ses partenaires de premier plan en Europe et m\u00eame dans le monde. Il a souhait\u00e9 que les deux parties poursuivent les m\u00e9canismes de dialogue et mettent en \u0153uvre efficacement les accords sign\u00e9s.<\/p>\n<p>M. Vuong a tenu en haute estime le r\u00f4le de\u00a0France\u00a0au sein de l\u2019Union europ\u00e9enne, demandant aux deux parties de resserrer leur coop\u00e9ration dans le cadre des m\u00e9canismes de coop\u00e9ration de l\u2019ASEAN et de l\u2019ONU, \u00e0 la partie fran\u00e7aise d\u2019acc\u00e9l\u00e9rer la ratification de l\u2019Accord de libre-\u00e9change Vietnam - Union europ\u00e9enne (EVFTA) et de l\u2019Accord de protection de l\u2019investissement Vietnam - Union europ\u00e9enne (EVIPA).<\/p>\n<p>Des dirigeants fran\u00e7ais se sont engag\u00e9s \u00e0 approfondir le Partenariat strat\u00e9gique Vietnam -\u00a0France\u00a0\u00e0 travers des projets de coop\u00e9ration concrets, affirmant leur haute consid\u00e9ration pour les relations avec le Vietnam dans la strat\u00e9gie de promouvoir les relations entre la\u00a0France\u00a0et l\u2019ASEAN et l\u2019Asie. Ils ont demand\u00e9 une collaboration pour acc\u00e9l\u00e9rer les projets en cours et promouvoir les relations \u00e9conomiques et commerciales. Ils ont affirm\u00e9 leur volont\u00e9 d'acc\u00e9l\u00e9rer la ratification de l\u2019EVFTA et de l\u2019EVIPA, leur soutien au r\u00e8glement des diff\u00e9rends en Mer Orientale par des mesures pacifiques, dans le respect du droit international, \u00e0 commencer par la Convention des Nations unies sur le droit de la mer de 1982.<\/p>\n<p><strong>Bonnes relations d'amiti\u00e9 traditionnelles sp\u00e9ciales<br \/>\n<\/strong><br \/>\nLors des s\u00e9ances de travail avec des dirigeants du Parti communiste fran\u00e7ais et du Parti socialiste de\u00a0France, M. Vuong a affirm\u00e9 la politique du Parti dans la promotion des relations avec les Partis au pouvoir et demand\u00e9 de multiplier les contacts et les \u00e9changes pour renforcer la compr\u00e9hension et promouvoir des mesures de coop\u00e9ration concr\u00e8tes.<\/p>\n<p>Les dirigeants des Partis fran\u00e7ais ont hautement appr\u00e9ci\u00e9 les r\u00e9alisations socio-\u00e9conomiques du Vietnam ces derni\u00e8res ann\u00e9es, et exprim\u00e9 aussi leur attention concernant\u00a0 la paix, la s\u00e9curit\u00e9 et la s\u00fbret\u00e9 de la navigation maritime et a\u00e9rienne dans la r\u00e9gion.<\/p>\n<p>Le Parti communiste fran\u00e7ais a r\u00e9affirm\u00e9 les bonnes relations d'amiti\u00e9 traditionnelles sp\u00e9ciales avec le Parti communiste du Vietnam.<\/p>\n<p>Le Parti socialiste de\u00a0France\u00a0a mis l'accent sur l'amiti\u00e9 et la coop\u00e9ration avec le Vietnam et a exprim\u00e9 son int\u00e9r\u00eat et sa volont\u00e9 d'accro\u00eetre les contacts et le partage d'exp\u00e9riences politiques entre les deux Partis.<\/p>\n<p>Lors d\u2019une rencontre avec de jeunes intellectuels vietnamiens et fran\u00e7ais d\u2019origine vietnamienne, M. Vuong a appel\u00e9 et encourag\u00e9 les scientifiques et intellectuels \u00e0 contribuer \u00e0 l\u2019application de la r\u00e9solution du Bureau Politique sur la 4e\u00a0r\u00e9volution industrielle.<\/p>\n<p>En\u00a0France, les Vietnamiens sont all\u00e9s visiter un chantier de construction des wagons de tramway du groupe Alstom, ont assist\u00e9 \u00e0 l\u2019inauguration du premier tramway qui sera utilis\u00e9 pour la ligne de m\u00e9tro 3 reliant la gare de Hano\u00ef \u00e0 Nh\u00f4n en 2020.<\/p>\n","protected":false},"excerpt":{"rendered":"<p>Une d\u00e9l\u00e9gation du Parti communiste du Vietnam, conduite par Tr\u00e2n Qu\u00f4c Vuong, permanent du Secr\u00e9tariat, a effectu\u00e9 une visite de travail en\u00a0France. Tr\u00e2n Qu\u00f4c Vuong,\u00a0permanent du Secr\u00e9tariat,\u00a0a rencontr\u00e9 et travaill\u00e9 avec le premier vice-pr\u00e9sident du S\u00e9nat, le vice-pr\u00e9sident du Parlement, le secr\u00e9taire d\u2019\u00c9tat du minist\u00e8re des Affaires \u00e9trang\u00e8res, des dirigeants du Parti socialiste de\u00a0France, du [&hellip;]<\/p>\n","protected":false},"author":1420,"featured_media":0,"comment_status":"closed","ping_status":"open","sticky":false,"template":"","format":"standard","meta":{"footnotes":""},"categories":[1],"tags":[],"class_list":["post-465","post","type-post","status-publish","format-standard","hentry","category-actualites"],"yoast_head":"<!-- This site is optimized with the Yoast SEO plugin v27.5 - https:\/\/yoast.com\/product\/yoast-seo-wordpress\/ -->\n<title>Une d\u00e9l\u00e9gation du PCV en visite en France - Ambassade de la r\u00e9publique socialiste du Vietnam en France<\/title>\n<meta name=\"robots\" content=\"index, follow, max-snippet:-1, max-image-preview:large, max-video-preview:-1\" \/>\n<link rel=\"canonical\" href=\"https:\/\/ambassade-vietnam.com\/fr\/blog\/2019\/12\/12\/une-delegation-du-pcv-en-visite-en-france\/\" \/>\n<meta property=\"og:locale\" content=\"fr_FR\" \/>\n<meta property=\"og:type\" content=\"article\" \/>\n<meta property=\"og:title\" content=\"Une d\u00e9l\u00e9gation du PCV en visite en France - Ambassade de la r\u00e9publique socialiste du Vietnam en France\" \/>\n<meta property=\"og:description\" content=\"Une d\u00e9l\u00e9gation du Parti communiste du Vietnam, conduite par Tr\u00e2n Qu\u00f4c Vuong, permanent du Secr\u00e9tariat, a effectu\u00e9 une visite de travail en\u00a0France. Tr\u00e2n Qu\u00f4c Vuong,\u00a0permanent du Secr\u00e9tariat,\u00a0a rencontr\u00e9 et travaill\u00e9 avec le premier vice-pr\u00e9sident du S\u00e9nat, le vice-pr\u00e9sident du Parlement, le secr\u00e9taire d\u2019\u00c9tat du minist\u00e8re des Affaires \u00e9trang\u00e8res, des dirigeants du Parti socialiste de\u00a0France, du [&hellip;]\" \/>\n<meta property=\"og:url\" content=\"https:\/\/ambassade-vietnam.com\/fr\/blog\/2019\/12\/12\/une-delegation-du-pcv-en-visite-en-france\/\" \/>\n<meta property=\"og:site_name\" content=\"Ambassade de la r\u00e9publique socialiste du Vietnam en France\" \/>\n<meta property=\"article:published_time\" content=\"2019-12-12T16:02:51+00:00\" \/>\n<meta property=\"og:image\" content=\"https:\/\/ambassade-vietnam.com\/fr\/wp-content\/uploads\/sites\/1\/2019\/12\/Tran-Quoc-Vuong.jpg\" \/>\n\t<meta property=\"og:image:width\" content=\"480\" \/>\n\t<meta property=\"og:image:height\" content=\"299\" \/>\n\t<meta property=\"og:image:type\" content=\"image\/jpeg\" \/>\n<meta name=\"author\" content=\"adminbaochi\" \/>\n<meta name=\"twitter:card\" content=\"summary_large_image\" \/>\n<script type=\"application\/ld+json\" class=\"yoast-schema-graph\">{\"@context\":\"https:\\\/\\\/schema.org\",\"@graph\":[{\"@type\":\"Article\",\"@id\":\"https:\\\/\\\/ambassade-vietnam.com\\\/fr\\\/blog\\\/2019\\\/12\\\/12\\\/une-delegation-du-pcv-en-visite-en-france\\\/#article\",\"isPartOf\":{\"@id\":\"https:\\\/\\\/ambassade-vietnam.com\\\/fr\\\/blog\\\/2019\\\/12\\\/12\\\/une-delegation-du-pcv-en-visite-en-france\\\/\"},\"author\":{\"name\":\"adminbaochi\",\"@id\":\"https:\\\/\\\/ambassade-vietnam.com\\\/fr\\\/#\\\/schema\\\/person\\\/27c56a808973eb2c7fc8034d1004174d\"},\"headline\":\"Une d\u00e9l\u00e9gation du PCV en visite en France\",\"datePublished\":\"2019-12-12T16:02:51+00:00\",\"mainEntityOfPage\":{\"@id\":\"https:\\\/\\\/ambassade-vietnam.com\\\/fr\\\/blog\\\/2019\\\/12\\\/12\\\/une-delegation-du-pcv-en-visite-en-france\\\/\"},\"wordCount\":656,\"image\":{\"@id\":\"https:\\\/\\\/ambassade-vietnam.com\\\/fr\\\/blog\\\/2019\\\/12\\\/12\\\/une-delegation-du-pcv-en-visite-en-france\\\/#primaryimage\"},\"thumbnailUrl\":\"https:\\\/\\\/ambassade-vietnam.com\\\/fr\\\/wp-content\\\/uploads\\\/sites\\\/1\\\/2019\\\/12\\\/Tran-Quoc-Vuong-300x187.jpg\",\"articleSection\":[\"Actualit\u00e9s\"],\"inLanguage\":\"fr-FR\"},{\"@type\":\"WebPage\",\"@id\":\"https:\\\/\\\/ambassade-vietnam.com\\\/fr\\\/blog\\\/2019\\\/12\\\/12\\\/une-delegation-du-pcv-en-visite-en-france\\\/\",\"url\":\"https:\\\/\\\/ambassade-vietnam.com\\\/fr\\\/blog\\\/2019\\\/12\\\/12\\\/une-delegation-du-pcv-en-visite-en-france\\\/\",\"name\":\"Une d\u00e9l\u00e9gation du PCV en visite en France - Ambassade de la r\u00e9publique socialiste du Vietnam en France\",\"isPartOf\":{\"@id\":\"https:\\\/\\\/ambassade-vietnam.com\\\/fr\\\/#website\"},\"primaryImageOfPage\":{\"@id\":\"https:\\\/\\\/ambassade-vietnam.com\\\/fr\\\/blog\\\/2019\\\/12\\\/12\\\/une-delegation-du-pcv-en-visite-en-france\\\/#primaryimage\"},\"image\":{\"@id\":\"https:\\\/\\\/ambassade-vietnam.com\\\/fr\\\/blog\\\/2019\\\/12\\\/12\\\/une-delegation-du-pcv-en-visite-en-france\\\/#primaryimage\"},\"thumbnailUrl\":\"https:\\\/\\\/ambassade-vietnam.com\\\/fr\\\/wp-content\\\/uploads\\\/sites\\\/1\\\/2019\\\/12\\\/Tran-Quoc-Vuong-300x187.jpg\",\"datePublished\":\"2019-12-12T16:02:51+00:00\",\"author\":{\"@id\":\"https:\\\/\\\/ambassade-vietnam.com\\\/fr\\\/#\\\/schema\\\/person\\\/27c56a808973eb2c7fc8034d1004174d\"},\"breadcrumb\":{\"@id\":\"https:\\\/\\\/ambassade-vietnam.com\\\/fr\\\/blog\\\/2019\\\/12\\\/12\\\/une-delegation-du-pcv-en-visite-en-france\\\/#breadcrumb\"},\"inLanguage\":\"fr-FR\",\"potentialAction\":[{\"@type\":\"ReadAction\",\"target\":[\"https:\\\/\\\/ambassade-vietnam.com\\\/fr\\\/blog\\\/2019\\\/12\\\/12\\\/une-delegation-du-pcv-en-visite-en-france\\\/\"]}]},{\"@type\":\"ImageObject\",\"inLanguage\":\"fr-FR\",\"@id\":\"https:\\\/\\\/ambassade-vietnam.com\\\/fr\\\/blog\\\/2019\\\/12\\\/12\\\/une-delegation-du-pcv-en-visite-en-france\\\/#primaryimage\",\"url\":\"https:\\\/\\\/ambassade-vietnam.com\\\/fr\\\/wp-content\\\/uploads\\\/sites\\\/1\\\/2019\\\/12\\\/Tran-Quoc-Vuong.jpg\",\"contentUrl\":\"https:\\\/\\\/ambassade-vietnam.com\\\/fr\\\/wp-content\\\/uploads\\\/sites\\\/1\\\/2019\\\/12\\\/Tran-Quoc-Vuong.jpg\",\"width\":480,\"height\":299},{\"@type\":\"BreadcrumbList\",\"@id\":\"https:\\\/\\\/ambassade-vietnam.com\\\/fr\\\/blog\\\/2019\\\/12\\\/12\\\/une-delegation-du-pcv-en-visite-en-france\\\/#breadcrumb\",\"itemListElement\":[{\"@type\":\"ListItem\",\"position\":1,\"name\":\"Home\",\"item\":\"https:\\\/\\\/ambassade-vietnam.com\\\/fr\\\/\"},{\"@type\":\"ListItem\",\"position\":2,\"name\":\"Une d\u00e9l\u00e9gation du PCV en visite en France\"}]},{\"@type\":\"WebSite\",\"@id\":\"https:\\\/\\\/ambassade-vietnam.com\\\/fr\\\/#website\",\"url\":\"https:\\\/\\\/ambassade-vietnam.com\\\/fr\\\/\",\"name\":\"Ambassade de la r\u00e9publique socialiste du Vietnam en France\",\"description\":\"\",\"potentialAction\":[{\"@type\":\"SearchAction\",\"target\":{\"@type\":\"EntryPoint\",\"urlTemplate\":\"https:\\\/\\\/ambassade-vietnam.com\\\/fr\\\/?s={search_term_string}\"},\"query-input\":{\"@type\":\"PropertyValueSpecification\",\"valueRequired\":true,\"valueName\":\"search_term_string\"}}],\"inLanguage\":\"fr-FR\"},{\"@type\":\"Person\",\"@id\":\"https:\\\/\\\/ambassade-vietnam.com\\\/fr\\\/#\\\/schema\\\/person\\\/27c56a808973eb2c7fc8034d1004174d\",\"name\":\"adminbaochi\",\"image\":{\"@type\":\"ImageObject\",\"inLanguage\":\"fr-FR\",\"@id\":\"https:\\\/\\\/secure.gravatar.com\\\/avatar\\\/938c488c3aab740fe28d828bce1628575e0f8b8a17254777ffea4cd2dca2163d?s=96&d=mm&r=g\",\"url\":\"https:\\\/\\\/secure.gravatar.com\\\/avatar\\\/938c488c3aab740fe28d828bce1628575e0f8b8a17254777ffea4cd2dca2163d?s=96&d=mm&r=g\",\"contentUrl\":\"https:\\\/\\\/secure.gravatar.com\\\/avatar\\\/938c488c3aab740fe28d828bce1628575e0f8b8a17254777ffea4cd2dca2163d?s=96&d=mm&r=g\",\"caption\":\"adminbaochi\"},\"url\":\"https:\\\/\\\/ambassade-vietnam.com\\\/fr\\\/blog\\\/author\\\/adminbaochi\\\/\"}]}<\/script>\n<!-- \/ Yoast SEO plugin. -->","yoast_head_json":{"title":"Une d\u00e9l\u00e9gation du PCV en visite en France - Ambassade de la r\u00e9publique socialiste du Vietnam en France","robots":{"index":"index","follow":"follow","max-snippet":"max-snippet:-1","max-image-preview":"max-image-preview:large","max-video-preview":"max-video-preview:-1"},"canonical":"https:\/\/ambassade-vietnam.com\/fr\/blog\/2019\/12\/12\/une-delegation-du-pcv-en-visite-en-france\/","og_locale":"fr_FR","og_type":"article","og_title":"Une d\u00e9l\u00e9gation du PCV en visite en France - Ambassade de la r\u00e9publique socialiste du Vietnam en France","og_description":"Une d\u00e9l\u00e9gation du Parti communiste du Vietnam, conduite par Tr\u00e2n Qu\u00f4c Vuong, permanent du Secr\u00e9tariat, a effectu\u00e9 une visite de travail en\u00a0France. Tr\u00e2n Qu\u00f4c Vuong,\u00a0permanent du Secr\u00e9tariat,\u00a0a rencontr\u00e9 et travaill\u00e9 avec le premier vice-pr\u00e9sident du S\u00e9nat, le vice-pr\u00e9sident du Parlement, le secr\u00e9taire d\u2019\u00c9tat du minist\u00e8re des Affaires \u00e9trang\u00e8res, des dirigeants du Parti socialiste de\u00a0France, du [&hellip;]","og_url":"https:\/\/ambassade-vietnam.com\/fr\/blog\/2019\/12\/12\/une-delegation-du-pcv-en-visite-en-france\/","og_site_name":"Ambassade de la r\u00e9publique socialiste du Vietnam en France","article_published_time":"2019-12-12T16:02:51+00:00","og_image":[{"width":480,"height":299,"url":"https:\/\/ambassade-vietnam.com\/fr\/wp-content\/uploads\/sites\/1\/2019\/12\/Tran-Quoc-Vuong.jpg","type":"image\/jpeg"}],"author":"adminbaochi","twitter_card":"summary_large_image","schema":{"@context":"https:\/\/schema.org","@graph":[{"@type":"Article","@id":"https:\/\/ambassade-vietnam.com\/fr\/blog\/2019\/12\/12\/une-delegation-du-pcv-en-visite-en-france\/#article","isPartOf":{"@id":"https:\/\/ambassade-vietnam.com\/fr\/blog\/2019\/12\/12\/une-delegation-du-pcv-en-visite-en-france\/"},"author":{"name":"adminbaochi","@id":"https:\/\/ambassade-vietnam.com\/fr\/#\/schema\/person\/27c56a808973eb2c7fc8034d1004174d"},"headline":"Une d\u00e9l\u00e9gation du PCV en visite en France","datePublished":"2019-12-12T16:02:51+00:00","mainEntityOfPage":{"@id":"https:\/\/ambassade-vietnam.com\/fr\/blog\/2019\/12\/12\/une-delegation-du-pcv-en-visite-en-france\/"},"wordCount":656,"image":{"@id":"https:\/\/ambassade-vietnam.com\/fr\/blog\/2019\/12\/12\/une-delegation-du-pcv-en-visite-en-france\/#primaryimage"},"thumbnailUrl":"https:\/\/ambassade-vietnam.com\/fr\/wp-content\/uploads\/sites\/1\/2019\/12\/Tran-Quoc-Vuong-300x187.jpg","articleSection":["Actualit\u00e9s"],"inLanguage":"fr-FR"},{"@type":"WebPage","@id":"https:\/\/ambassade-vietnam.com\/fr\/blog\/2019\/12\/12\/une-delegation-du-pcv-en-visite-en-france\/","url":"https:\/\/ambassade-vietnam.com\/fr\/blog\/2019\/12\/12\/une-delegation-du-pcv-en-visite-en-france\/","name":"Une d\u00e9l\u00e9gation du PCV en visite en France - Ambassade de la r\u00e9publique socialiste du Vietnam en France","isPartOf":{"@id":"https:\/\/ambassade-vietnam.com\/fr\/#website"},"primaryImageOfPage":{"@id":"https:\/\/ambassade-vietnam.com\/fr\/blog\/2019\/12\/12\/une-delegation-du-pcv-en-visite-en-france\/#primaryimage"},"image":{"@id":"https:\/\/ambassade-vietnam.com\/fr\/blog\/2019\/12\/12\/une-delegation-du-pcv-en-visite-en-france\/#primaryimage"},"thumbnailUrl":"https:\/\/ambassade-vietnam.com\/fr\/wp-content\/uploads\/sites\/1\/2019\/12\/Tran-Quoc-Vuong-300x187.jpg","datePublished":"2019-12-12T16:02:51+00:00","author":{"@id":"https:\/\/ambassade-vietnam.com\/fr\/#\/schema\/person\/27c56a808973eb2c7fc8034d1004174d"},"breadcrumb":{"@id":"https:\/\/ambassade-vietnam.com\/fr\/blog\/2019\/12\/12\/une-delegation-du-pcv-en-visite-en-france\/#breadcrumb"},"inLanguage":"fr-FR","potentialAction":[{"@type":"ReadAction","target":["https:\/\/ambassade-vietnam.com\/fr\/blog\/2019\/12\/12\/une-delegation-du-pcv-en-visite-en-france\/"]}]},{"@type":"ImageObject","inLanguage":"fr-FR","@id":"https:\/\/ambassade-vietnam.com\/fr\/blog\/2019\/12\/12\/une-delegation-du-pcv-en-visite-en-france\/#primaryimage","url":"https:\/\/ambassade-vietnam.com\/fr\/wp-content\/uploads\/sites\/1\/2019\/12\/Tran-Quoc-Vuong.jpg","contentUrl":"https:\/\/ambassade-vietnam.com\/fr\/wp-content\/uploads\/sites\/1\/2019\/12\/Tran-Quoc-Vuong.jpg","width":480,"height":299},{"@type":"BreadcrumbList","@id":"https:\/\/ambassade-vietnam.com\/fr\/blog\/2019\/12\/12\/une-delegation-du-pcv-en-visite-en-france\/#breadcrumb","itemListElement":[{"@type":"ListItem","position":1,"name":"Home","item":"https:\/\/ambassade-vietnam.com\/fr\/"},{"@type":"ListItem","position":2,"name":"Une d\u00e9l\u00e9gation du PCV en visite en France"}]},{"@type":"WebSite","@id":"https:\/\/ambassade-vietnam.com\/fr\/#website","url":"https:\/\/ambassade-vietnam.com\/fr\/","name":"Ambassade de la r\u00e9publique socialiste du Vietnam en France","description":"","potentialAction":[{"@type":"SearchAction","target":{"@type":"EntryPoint","urlTemplate":"https:\/\/ambassade-vietnam.com\/fr\/?s={search_term_string}"},"query-input":{"@type":"PropertyValueSpecification","valueRequired":true,"valueName":"search_term_string"}}],"inLanguage":"fr-FR"},{"@type":"Person","@id":"https:\/\/ambassade-vietnam.com\/fr\/#\/schema\/person\/27c56a808973eb2c7fc8034d1004174d","name":"adminbaochi","image":{"@type":"ImageObject","inLanguage":"fr-FR","@id":"https:\/\/secure.gravatar.com\/avatar\/938c488c3aab740fe28d828bce1628575e0f8b8a17254777ffea4cd2dca2163d?s=96&d=mm&r=g","url":"https:\/\/secure.gravatar.com\/avatar\/938c488c3aab740fe28d828bce1628575e0f8b8a17254777ffea4cd2dca2163d?s=96&d=mm&r=g","contentUrl":"https:\/\/secure.gravatar.com\/avatar\/938c488c3aab740fe28d828bce1628575e0f8b8a17254777ffea4cd2dca2163d?s=96&d=mm&r=g","caption":"adminbaochi"},"url":"https:\/\/ambassade-vietnam.com\/fr\/blog\/author\/adminbaochi\/"}]}},"_links":{"self":[{"href":"https:\/\/ambassade-vietnam.com\/fr\/wp-json\/wp\/v2\/posts\/465","targetHints":{"allow":["GET"]}}],"collection":[{"href":"https:\/\/ambassade-vietnam.com\/fr\/wp-json\/wp\/v2\/posts"}],"about":[{"href":"https:\/\/ambassade-vietnam.com\/fr\/wp-json\/wp\/v2\/types\/post"}],"author":[{"embeddable":true,"href":"https:\/\/ambassade-vietnam.com\/fr\/wp-json\/wp\/v2\/users\/1420"}],"replies":[{"embeddable":true,"href":"https:\/\/ambassade-vietnam.com\/fr\/wp-json\/wp\/v2\/comments?post=465"}],"version-history":[{"count":1,"href":"https:\/\/ambassade-vietnam.com\/fr\/wp-json\/wp\/v2\/posts\/465\/revisions"}],"predecessor-version":[{"id":467,"href":"https:\/\/ambassade-vietnam.com\/fr\/wp-json\/wp\/v2\/posts\/465\/revisions\/467"}],"wp:attachment":[{"href":"https:\/\/ambassade-vietnam.com\/fr\/wp-json\/wp\/v2\/media?parent=465"}],"wp:term":[{"taxonomy":"category","embeddable":true,"href":"https:\/\/ambassade-vietnam.com\/fr\/wp-json\/wp\/v2\/categories?post=465"},{"taxonomy":"post_tag","embeddable":true,"href":"https:\/\/ambassade-vietnam.com\/fr\/wp-json\/wp\/v2\/tags?post=465"}],"curies":[{"name":"wp","href":"https:\/\/api.w.org\/{rel}","templated":true}]}}